{"id":20809,"date":"2023-11-07T18:35:28","date_gmt":"2023-11-07T21:35:28","guid":{"rendered":"https:\/\/radiosurfm.com\/web\/?p=20809"},"modified":"2023-11-07T18:35:28","modified_gmt":"2023-11-07T21:35:28","slug":"organismos-del-gobierno-de-la-nacion-se-reunen-para-abordar-la-creciente-del-rio-parana","status":"publish","type":"post","link":"https:\/\/radiosurfm.com\/web\/2023\/11\/07\/organismos-del-gobierno-de-la-nacion-se-reunen-para-abordar-la-creciente-del-rio-parana\/","title":{"rendered":"Organismos del Gobierno de la Naci\u00f3n se re\u00fanen para abordar la creciente del R\u00edo Paran\u00e1"},"content":{"rendered":"<p><span class=\"intro\">En una muestra de compromiso, funcionarios de organismos nacionales se congregaron para trazar estrategias y ofrecer asistencia a las familias afectadas por el aumento del caudal en Goya y sus alrededores.<\/span><\/p>\n<p><span class=\"cuerpo\">La comisi\u00f3n interministerial, conformada por el Ministerio de Desarrollo Social, PAMI, ANSES, y Agricultura Familiar y Producci\u00f3n, sostuvo un encuentro crucial el pasado lunes con el Prefecto Walter Rodr\u00edguez, encargado de las costas e islas de la zona.<\/p>\n<p>La visita reciente de la Ministra de Desarrollo Social de la Naci\u00f3n, Tolosa Paz, en Corrientes, marc\u00f3 la postura firme del Estado Nacional en solidaridad con las familias y comunidades afectadas por esta adversidad. Este gesto subraya la importancia de estar alerta y presente en momentos cr\u00edticos.<\/p>\n<p>En sinton\u00eda con este compromiso, los representantes expresaron su disposici\u00f3n para trabajar de forma coordinada con los organismos municipales y las fuerzas vivas, buscando unificar esfuerzos en beneficio de todos aquellos en Goya y las \u00e1reas de influencia que requieran ayuda.<\/p>\n<p>En las \u00faltimas horas, las ciudades principales de la provincia han registrado un significativo aumento del caudal en sus puertos. Los niveles se aproximan peligrosamente a la fase de evacuaci\u00f3n. La ciudad de Corrientes ya enfrenta la evacuaci\u00f3n de m\u00e1s de 30 familias, con balnearios cerrados. Paso de la Patria ha entrado en estado de evacuaci\u00f3n al superar los 7 metros. Seg\u00fan informes del Instituto Nacional del Agua, se prev\u00e9 que el pico de la creciente llegue en los pr\u00f3ximos dos d\u00edas. Mientras tanto, el r\u00edo Uruguay experimenta un descenso en los puertos de Misiones, pero las localidades correntinas permanecen en estado de alerta y evacuaci\u00f3n.<\/span><\/p>\n","protected":false},"excerpt":{"rendered":"<p>En una muestra de compromiso, funcionarios de organismos nacionales se congregaron para trazar estrategias y ofrecer asistencia a las familias afectadas por el aumento del caudal en Goya y sus alrededores. La comisi\u00f3n interministerial, conformada por el Ministerio de Desarrollo Social, PAMI, ANSES, y Agricultura Familiar y Producci\u00f3n, sostuvo un encuentro crucial el pasado lunes [&hellip;]<\/p>\n","protected":false},"author":2,"featured_media":20810,"comment_status":"closed","ping_status":"closed","sticky":false,"template":"","format":"standard","meta":{"footnotes":""},"categories":[56],"tags":[],"class_list":["post-20809","post","type-post","status-publish","format-standard","has-post-thumbnail","hentry","category-locales"],"_links":{"self":[{"href":"https:\/\/radiosurfm.com\/web\/wp-json\/wp\/v2\/posts\/20809","targetHints":{"allow":["GET"]}}],"collection":[{"href":"https:\/\/radiosurfm.com\/web\/wp-json\/wp\/v2\/posts"}],"about":[{"href":"https:\/\/radiosurfm.com\/web\/wp-json\/wp\/v2\/types\/post"}],"author":[{"embeddable":true,"href":"https:\/\/radiosurfm.com\/web\/wp-json\/wp\/v2\/users\/2"}],"replies":[{"embeddable":true,"href":"https:\/\/radiosurfm.com\/web\/wp-json\/wp\/v2\/comments?post=20809"}],"version-history":[{"count":0,"href":"https:\/\/radiosurfm.com\/web\/wp-json\/wp\/v2\/posts\/20809\/revisions"}],"wp:featuredmedia":[{"embeddable":true,"href":"https:\/\/radiosurfm.com\/web\/wp-json\/wp\/v2\/media\/20810"}],"wp:attachment":[{"href":"https:\/\/radiosurfm.com\/web\/wp-json\/wp\/v2\/media?parent=20809"}],"wp:term":[{"taxonomy":"category","embeddable":true,"href":"https:\/\/radiosurfm.com\/web\/wp-json\/wp\/v2\/categories?post=20809"},{"taxonomy":"post_tag","embeddable":true,"href":"https:\/\/radiosurfm.com\/web\/wp-json\/wp\/v2\/tags?post=20809"}],"curies":[{"name":"wp","href":"https:\/\/api.w.org\/{rel}","templated":true}]}}