{"id":20888,"date":"2023-11-09T18:34:09","date_gmt":"2023-11-09T21:34:09","guid":{"rendered":"https:\/\/radiosurfm.com\/web\/?p=20888"},"modified":"2023-11-09T18:34:09","modified_gmt":"2023-11-09T21:34:09","slug":"delincuentes-saquearon-un-centro-de-belleza-en-goya","status":"publish","type":"post","link":"https:\/\/radiosurfm.com\/web\/2023\/11\/09\/delincuentes-saquearon-un-centro-de-belleza-en-goya\/","title":{"rendered":"Delincuentes saquearon un Centro de belleza en Goya"},"content":{"rendered":"<p>En Avenida Jos\u00e9 J. Rolon 397 de Goya funciona un Centro de belleza, un emprendimiento de tres j\u00f3venes mujeres que, quedaron sin nada. Recibieron esta madrugada la visita de ladrones quienes se llevaron todo lo que hab\u00eda a su paso.<\/p>\n<p>&#8220;Nos sacaron todos nuestros elementos de trabajo, Notebook, Posnet, Secadores de pelo, planchitas de pelo, m\u00e1quinas de cortar pelo, tijeras, peines, esmaltes de u\u00f1as, entre otras cosas, pedimos cualquier tipo de colaboraci\u00f3n\/ ayuda para poder seguir trabajando. Somos un grupo de tres chicas que buscan salir adelante&#8221;, expreso Roxana Espinoza.<\/p>\n<p>La denuncia correspondiente fue realizada ante sede policial, quienes se encuentran investigando. Analizan material f\u00edlmico de comercios vecinos.<\/p>\n","protected":false},"excerpt":{"rendered":"<p>En Avenida Jos\u00e9 J. Rolon 397 de Goya funciona un Centro de belleza, un emprendimiento de tres j\u00f3venes mujeres que, quedaron sin nada. Recibieron esta madrugada la visita de ladrones quienes se llevaron todo lo que hab\u00eda a su paso. &#8220;Nos sacaron todos nuestros elementos de trabajo, Notebook, Posnet, Secadores de pelo, planchitas de pelo, [&hellip;]<\/p>\n","protected":false},"author":2,"featured_media":20889,"comment_status":"closed","ping_status":"closed","sticky":false,"template":"","format":"standard","meta":{"footnotes":""},"categories":[56,68],"tags":[],"class_list":["post-20888","post","type-post","status-publish","format-standard","has-post-thumbnail","hentry","category-locales","category-policiales-nacionales"],"_links":{"self":[{"href":"https:\/\/radiosurfm.com\/web\/wp-json\/wp\/v2\/posts\/20888","targetHints":{"allow":["GET"]}}],"collection":[{"href":"https:\/\/radiosurfm.com\/web\/wp-json\/wp\/v2\/posts"}],"about":[{"href":"https:\/\/radiosurfm.com\/web\/wp-json\/wp\/v2\/types\/post"}],"author":[{"embeddable":true,"href":"https:\/\/radiosurfm.com\/web\/wp-json\/wp\/v2\/users\/2"}],"replies":[{"embeddable":true,"href":"https:\/\/radiosurfm.com\/web\/wp-json\/wp\/v2\/comments?post=20888"}],"version-history":[{"count":0,"href":"https:\/\/radiosurfm.com\/web\/wp-json\/wp\/v2\/posts\/20888\/revisions"}],"wp:featuredmedia":[{"embeddable":true,"href":"https:\/\/radiosurfm.com\/web\/wp-json\/wp\/v2\/media\/20889"}],"wp:attachment":[{"href":"https:\/\/radiosurfm.com\/web\/wp-json\/wp\/v2\/media?parent=20888"}],"wp:term":[{"taxonomy":"category","embeddable":true,"href":"https:\/\/radiosurfm.com\/web\/wp-json\/wp\/v2\/categories?post=20888"},{"taxonomy":"post_tag","embeddable":true,"href":"https:\/\/radiosurfm.com\/web\/wp-json\/wp\/v2\/tags?post=20888"}],"curies":[{"name":"wp","href":"https:\/\/api.w.org\/{rel}","templated":true}]}}