{"id":20932,"date":"2023-11-10T18:36:02","date_gmt":"2023-11-10T21:36:02","guid":{"rendered":"https:\/\/radiosurfm.com\/web\/?p=20932"},"modified":"2023-11-10T18:36:23","modified_gmt":"2023-11-10T21:36:23","slug":"20932","status":"publish","type":"post","link":"https:\/\/radiosurfm.com\/web\/2023\/11\/10\/20932\/","title":{"rendered":"Encuesta muestra ventaja de Massa sobre Milei camino al balotaje"},"content":{"rendered":"<div>De cara al balotaje que se celebrar\u00e1 el pr\u00f3ximo 19 de noviembre, las \u00faltimas encuestas observan un empata t\u00e9cnico entre el candidato de Uni\u00f3n por la Patria, Sergio Massa, y el de La Libertad Avanza, Javier Milei, con una leve ventaja para el primero.<\/div>\n<div><\/div>\n<div>De acuerdo a un relevamiento del Centro Estrat\u00e9gico Latinoamericano de Geopol\u00edtica (CELAG), el tigrense le sacar\u00eda 1,4 puntos de ventaja al economista, aunque todav\u00eda habr\u00eda un 8 por ciento de ciudadanos que no definieron su voto u optan por el voto en blanco o nulo.<\/div>\n<div><\/div>\n<div>Seg\u00fan el estudio Massa cosecha el 46,7 por ciento frente al 45,3 de Milei. Si se except\u00faan los que se manifiestan indecisos o dicen que no van a ir a votar o votar\u00e1n blanco, el balotaje quedar\u00eda 50,8 para Massa contra 49,2 de Milei.<\/div>\n<div>Otro de los datos interesantes de la encuesta es que casi la mitad de los consultados afirma tenerle miedo a Javier Milei y 6 de cada 10 sostienen que el libertario es un pol\u00edtico m\u00e1s, como cualquier otro.<\/div>\n<div><\/div>\n<div>\n<div>M\u00e1s all\u00e1 de su voto, casi el 52 por ciento de los encuestados cree que el pr\u00f3ximo gobierno estar\u00e1 encabezado por Sergio Massa y s\u00f3lo un 43 por ciento cree lo estar\u00e1 por Javier Milei.<\/div>\n<div>El relevamiento, que se realiz\u00f3 sobre una base de 2005 ciudadanos entrevistados de manera presencial, cara a cara, arroj\u00f3 adem\u00e1s que Massa es considerado el &#8220;m\u00e1s cercano a la gente com\u00fan&#8221; (48 por ciento) frente a un Milei al que s\u00f3lo el 36 por ciento considera cercano a la gente com\u00fan.<\/div>\n<div>En tanto, Massa es el de mayor capacidad de di\u00e1logo y negociaci\u00f3n, afirma el 53 por ciento, contrastando con s\u00f3lo un 36 por ciento que le ve esa cualidad al libertario.<\/div>\n<div>No obstante, Milei parece ranquear mejor que Massa en la capacidad para resolver los problemas de precios e inflaci\u00f3n. El 46 por ciento se inclina por Milei en este aspecto y un 40 por ciento por Massa.<\/div>\n<\/div>\n<div><\/div>\n<div><\/div>\n","protected":false},"excerpt":{"rendered":"<p>De cara al balotaje que se celebrar\u00e1 el pr\u00f3ximo 19 de noviembre, las \u00faltimas encuestas observan un empata t\u00e9cnico entre el candidato de Uni\u00f3n por la Patria, Sergio Massa, y el de La Libertad Avanza, Javier Milei, con una leve ventaja para el primero. De acuerdo a un relevamiento del Centro Estrat\u00e9gico Latinoamericano de Geopol\u00edtica [&hellip;]<\/p>\n","protected":false},"author":2,"featured_media":20933,"comment_status":"closed","ping_status":"closed","sticky":false,"template":"","format":"standard","meta":{"footnotes":""},"categories":[64,66],"tags":[],"class_list":["post-20932","post","type-post","status-publish","format-standard","has-post-thumbnail","hentry","category-nacionales","category-politica-nacionales"],"_links":{"self":[{"href":"https:\/\/radiosurfm.com\/web\/wp-json\/wp\/v2\/posts\/20932","targetHints":{"allow":["GET"]}}],"collection":[{"href":"https:\/\/radiosurfm.com\/web\/wp-json\/wp\/v2\/posts"}],"about":[{"href":"https:\/\/radiosurfm.com\/web\/wp-json\/wp\/v2\/types\/post"}],"author":[{"embeddable":true,"href":"https:\/\/radiosurfm.com\/web\/wp-json\/wp\/v2\/users\/2"}],"replies":[{"embeddable":true,"href":"https:\/\/radiosurfm.com\/web\/wp-json\/wp\/v2\/comments?post=20932"}],"version-history":[{"count":0,"href":"https:\/\/radiosurfm.com\/web\/wp-json\/wp\/v2\/posts\/20932\/revisions"}],"wp:featuredmedia":[{"embeddable":true,"href":"https:\/\/radiosurfm.com\/web\/wp-json\/wp\/v2\/media\/20933"}],"wp:attachment":[{"href":"https:\/\/radiosurfm.com\/web\/wp-json\/wp\/v2\/media?parent=20932"}],"wp:term":[{"taxonomy":"category","embeddable":true,"href":"https:\/\/radiosurfm.com\/web\/wp-json\/wp\/v2\/categories?post=20932"},{"taxonomy":"post_tag","embeddable":true,"href":"https:\/\/radiosurfm.com\/web\/wp-json\/wp\/v2\/tags?post=20932"}],"curies":[{"name":"wp","href":"https:\/\/api.w.org\/{rel}","templated":true}]}}