{"id":20966,"date":"2023-11-13T17:30:42","date_gmt":"2023-11-13T20:30:42","guid":{"rendered":"https:\/\/radiosurfm.com\/web\/?p=20966"},"modified":"2023-11-13T17:30:42","modified_gmt":"2023-11-13T20:30:42","slug":"la-junta-de-clasificacion-informa-que-expondra-el-padron-de-aspirantes-para-reincorporaciones-traslados-definitivos-y-ascenso-de-ubicacion-en-la-web-del-ministerio-de-educacion","status":"publish","type":"post","link":"https:\/\/radiosurfm.com\/web\/2023\/11\/13\/la-junta-de-clasificacion-informa-que-expondra-el-padron-de-aspirantes-para-reincorporaciones-traslados-definitivos-y-ascenso-de-ubicacion-en-la-web-del-ministerio-de-educacion\/","title":{"rendered":"La Junta de Clasificaci\u00f3n informa que expondr\u00e1 el padr\u00f3n de aspirantes para reincorporaciones, traslados definitivos y ascenso de ubicaci\u00f3n en la web del Ministerio de Educaci\u00f3n"},"content":{"rendered":"<p>La Junta de Clasificaci\u00f3n (Rama Primaria) pone en conocimiento de la docencia en general y a los aspirantes para reincorporaciones, traslados definitivos y ascenso de ubicaci\u00f3n (aspirantes inscriptos por Gesti\u00f3n Educativa en agosto del 2023) que, a partir del 14 de noviembre del 2023 y hasta el 29 de noviembre se expondr\u00e1 el padr\u00f3n de aspirantes para reincorporaciones, traslados definitivos y ascenso de ubicaci\u00f3n en la p\u00e1gina web del Ministerio de Educaci\u00f3n (www.mec.gob.ar).<\/p>\n<p>Vencido el plazo de exposici\u00f3n, la Junta no recepcionar\u00e1 m\u00e1s reclamos.<\/p>\n<p>Los reclamos ser\u00e1n recepcionados exclusivamente por correo electr\u00f3nico al mail jc.primaria@mec.gob.ar, siendo la respuesta a los reclamos remitida por la misma v\u00eda dentro del plazo reglamentario. En el asunto se deber\u00e1 consignar la leyenda reclamo padr\u00f3n traslado.<\/p>\n<p>Adem\u00e1s, se exhibe el listado de vacantes para el concurso (vacantes al 30\/06\/2023).<\/p>\n<p>Los reclamos de vacantes, ser\u00e1n recepcionados exclusivamente por correo electr\u00f3nico al mail reclamosvacantes@mec.gob.ar hasta el d\u00eda 24 de noviembre del presente a\u00f1o.<\/p>\n","protected":false},"excerpt":{"rendered":"<p>La Junta de Clasificaci\u00f3n (Rama Primaria) pone en conocimiento de la docencia en general y a los aspirantes para reincorporaciones, traslados definitivos y ascenso de ubicaci\u00f3n (aspirantes inscriptos por Gesti\u00f3n Educativa en agosto del 2023) que, a partir del 14 de noviembre del 2023 y hasta el 29 de noviembre se expondr\u00e1 el padr\u00f3n de [&hellip;]<\/p>\n","protected":false},"author":2,"featured_media":20967,"comment_status":"closed","ping_status":"closed","sticky":false,"template":"","format":"standard","meta":{"footnotes":""},"categories":[72],"tags":[],"class_list":["post-20966","post","type-post","status-publish","format-standard","has-post-thumbnail","hentry","category-provinciales"],"_links":{"self":[{"href":"https:\/\/radiosurfm.com\/web\/wp-json\/wp\/v2\/posts\/20966","targetHints":{"allow":["GET"]}}],"collection":[{"href":"https:\/\/radiosurfm.com\/web\/wp-json\/wp\/v2\/posts"}],"about":[{"href":"https:\/\/radiosurfm.com\/web\/wp-json\/wp\/v2\/types\/post"}],"author":[{"embeddable":true,"href":"https:\/\/radiosurfm.com\/web\/wp-json\/wp\/v2\/users\/2"}],"replies":[{"embeddable":true,"href":"https:\/\/radiosurfm.com\/web\/wp-json\/wp\/v2\/comments?post=20966"}],"version-history":[{"count":0,"href":"https:\/\/radiosurfm.com\/web\/wp-json\/wp\/v2\/posts\/20966\/revisions"}],"wp:featuredmedia":[{"embeddable":true,"href":"https:\/\/radiosurfm.com\/web\/wp-json\/wp\/v2\/media\/20967"}],"wp:attachment":[{"href":"https:\/\/radiosurfm.com\/web\/wp-json\/wp\/v2\/media?parent=20966"}],"wp:term":[{"taxonomy":"category","embeddable":true,"href":"https:\/\/radiosurfm.com\/web\/wp-json\/wp\/v2\/categories?post=20966"},{"taxonomy":"post_tag","embeddable":true,"href":"https:\/\/radiosurfm.com\/web\/wp-json\/wp\/v2\/tags?post=20966"}],"curies":[{"name":"wp","href":"https:\/\/api.w.org\/{rel}","templated":true}]}}