{"id":21022,"date":"2023-11-15T18:54:05","date_gmt":"2023-11-15T21:54:05","guid":{"rendered":"https:\/\/radiosurfm.com\/web\/?p=21022"},"modified":"2023-11-15T18:54:05","modified_gmt":"2023-11-15T21:54:05","slug":"la-amenaza-de-lilia-lemoine-a-una-periodista-de-la-tv-publica","status":"publish","type":"post","link":"https:\/\/radiosurfm.com\/web\/2023\/11\/15\/la-amenaza-de-lilia-lemoine-a-una-periodista-de-la-tv-publica\/","title":{"rendered":"La amenaza de Lilia Lemoine a una periodista de la TV P\u00fablica"},"content":{"rendered":"<p>La diputada nacional electa por La Libertad Avanza<b>\u00a0Lilia Lemoine\u00a0amenaz\u00f3 este mi\u00e9rcoles a una periodista de la Televisi\u00f3n P\u00fablica\u00a0<\/b>que intent\u00f3 hacerle una pregunta en la estaci\u00f3n Constituci\u00f3n, donde la cosplayer y maquilladora de Javier Milei repart\u00eda volantes.\u00a0<b>\u201cLos medios p\u00fablicos se van a privatizar as\u00ed que procur\u00e1 ser una buena trabajadora\u201d<\/b>, le dijo a la cronista, que hac\u00eda una nota en vivo desde la terminal de trenes.<\/p>\n<p>Este mediod\u00eda, un m\u00f3vil de la TV P\u00fablica intent\u00f3 entrevistar a Lemoine, quien se encontraba haciendo campa\u00f1a por La Libertad Avanza de cara al balotaje del pr\u00f3ximo domingo 19 de noviembre. &#8220;\u00bfVos tom\u00e1s transporte p\u00fablico Lilia?&#8221;, le pregunt\u00f3 la periodista a cargo de la nota, a lo que la libertaria respondi\u00f3:\u00a0<b>&#8220;Vos ten\u00e9s mala intenci\u00f3n, no quiero hablar con vos&#8221;.<\/b><\/p>\n<p>Fue entonces que, ante la repregunta, la cosplayer confirm\u00f3 que en caso de resultar electo presidente Javier Milei los medios p\u00fablicos ser\u00e1n privatizados.<b>\u00a0&#8220;\u00bfY la libertad, la democracia y el pluralismo?&#8221;<\/b>, plante\u00f3 la cronista de la TV P\u00fablica. &#8220;Los medios p\u00fablicos se van a privatizar&#8221;,\u00a0repiti\u00f3\u00a0la libertaria, y continu\u00f3, en tono amenazante: &#8220;As\u00ed que procur\u00e1 ser una buena trabajadora&#8221;.<\/p>\n<p>La periodista le record\u00f3 que era una trabajadora de prensa que le estaba preguntando &#8220;con total libertad&#8221; y, en ese marco, le consult\u00f3 c\u00f3mo cree que saldr\u00e1n las elecciones de este domingo. Lemoine, sin embargo,\u00a0<b>volvi\u00f3 a elegir el ataque y respondi\u00f3: &#8220;No te interesa la gente a vos&#8221;.\u00a0<\/b><\/p>\n<p>Luego, la cronista de TV P\u00fablica quiso indagar respecto del futuro de la ex Esma en un posible gobierno de LLA y de la visi\u00f3n que tiene el partido sobre los\u00a0<b>30.000 detenidos desaparecidos de la \u00faltima dictadura c\u00edvico militar<\/b>\u00a0que &#8220;no tienen una tumba para llevar una flor&#8221;. La respuesta de la libertaria, como hizo en otras entrevistas, fue recurrir a una ins\u00f3lita comparaci\u00f3n con la pandemia.<b>\u00a0&#8220;\u00bfComo mi mam\u00e1? \u00bfQue no la pude velar por la cuarentena?&#8221;<\/b>, dijo.<\/p>\n<p>Consultada por la quita de subsidios, uno de los puntos sobre los que el candidato presidencial de Uni\u00f3n por la Patria, Sergio Massa, le pregunt\u00f3 a Javier Milei en el \u00faltimo debate presidencial, Lemoine confirm\u00f3 que en caso de que el libertario gane las elecciones<b>\u00a0&#8220;se quitar\u00e1n los impuestos y los subsidios&#8221;.<\/b><\/p>\n<p>&#8220;Ya lo explic\u00f3\u00a0<b>Milei<\/b>&#8220;, aclar\u00f3 la diputada electa, quien consider\u00f3 que el candidato de LLA tuvo un<b>\u00a0&#8220;excelente&#8221; desempe\u00f1o en el debate del pasado domingo<\/b>, porque estuvo &#8220;propositivo, tranquilo y realista contra un sujeto autoritario que adem\u00e1s tiene una reputaci\u00f3n muy dudosa&#8221;.<\/p>\n<p>Sobre el final del m\u00f3vil, Lemoine\u00a0volvi\u00f3 a evidenciar el desconocimiento de LLA respecto al funcionamiento del Estado y el comercio exterior, al afirmar que durante un eventual gobierno de Milei se cortar\u00edan relaciones con China y Brasil, a los que calific\u00f3 como gobiernos totalitarios. &#8220;\u00bfY el comercio exterior qui\u00e9n lo manejar\u00eda?&#8221;, le consult\u00f3 la cronista. &#8220;Un ministro&#8221;, se limit\u00f3 a responder Lemoine.<\/p>\n<p>Antes de cortar la charla, la libertaria pidi\u00f3 a los televidentes que &#8220;voten a Milei para un cambio real&#8221; y le dijo a la periodista que no continuar\u00eda la conversaci\u00f3n porque es su decisi\u00f3n y &#8220;estamos democracia&#8221;, una chicana a la ola de cr\u00edticas que reciben Javier Milei y Victoria Villarruel por reivindicar el terrorismo de Estado.<\/p>\n","protected":false},"excerpt":{"rendered":"<p>La diputada nacional electa por La Libertad Avanza\u00a0Lilia Lemoine\u00a0amenaz\u00f3 este mi\u00e9rcoles a una periodista de la Televisi\u00f3n P\u00fablica\u00a0que intent\u00f3 hacerle una pregunta en la estaci\u00f3n Constituci\u00f3n, donde la cosplayer y maquilladora de Javier Milei repart\u00eda volantes.\u00a0\u201cLos medios p\u00fablicos se van a privatizar as\u00ed que procur\u00e1 ser una buena trabajadora\u201d, le dijo a la cronista, que [&hellip;]<\/p>\n","protected":false},"author":2,"featured_media":21023,"comment_status":"closed","ping_status":"closed","sticky":false,"template":"","format":"standard","meta":{"footnotes":""},"categories":[64],"tags":[],"class_list":["post-21022","post","type-post","status-publish","format-standard","has-post-thumbnail","hentry","category-nacionales"],"_links":{"self":[{"href":"https:\/\/radiosurfm.com\/web\/wp-json\/wp\/v2\/posts\/21022","targetHints":{"allow":["GET"]}}],"collection":[{"href":"https:\/\/radiosurfm.com\/web\/wp-json\/wp\/v2\/posts"}],"about":[{"href":"https:\/\/radiosurfm.com\/web\/wp-json\/wp\/v2\/types\/post"}],"author":[{"embeddable":true,"href":"https:\/\/radiosurfm.com\/web\/wp-json\/wp\/v2\/users\/2"}],"replies":[{"embeddable":true,"href":"https:\/\/radiosurfm.com\/web\/wp-json\/wp\/v2\/comments?post=21022"}],"version-history":[{"count":0,"href":"https:\/\/radiosurfm.com\/web\/wp-json\/wp\/v2\/posts\/21022\/revisions"}],"wp:featuredmedia":[{"embeddable":true,"href":"https:\/\/radiosurfm.com\/web\/wp-json\/wp\/v2\/media\/21023"}],"wp:attachment":[{"href":"https:\/\/radiosurfm.com\/web\/wp-json\/wp\/v2\/media?parent=21022"}],"wp:term":[{"taxonomy":"category","embeddable":true,"href":"https:\/\/radiosurfm.com\/web\/wp-json\/wp\/v2\/categories?post=21022"},{"taxonomy":"post_tag","embeddable":true,"href":"https:\/\/radiosurfm.com\/web\/wp-json\/wp\/v2\/tags?post=21022"}],"curies":[{"name":"wp","href":"https:\/\/api.w.org\/{rel}","templated":true}]}}