{"id":21075,"date":"2023-11-22T18:36:43","date_gmt":"2023-11-22T21:36:43","guid":{"rendered":"https:\/\/radiosurfm.com\/web\/?p=21075"},"modified":"2023-11-22T18:36:43","modified_gmt":"2023-11-22T21:36:43","slug":"el-anticipo-de-javier-milei-se-suspenden-todas-las-obras-publicas-incluso-las-que-estan-en-ejecucion","status":"publish","type":"post","link":"https:\/\/radiosurfm.com\/web\/2023\/11\/22\/el-anticipo-de-javier-milei-se-suspenden-todas-las-obras-publicas-incluso-las-que-estan-en-ejecucion\/","title":{"rendered":"El anticipo de Javier Milei: se suspenden todas las obras p\u00fablicas, incluso las que est\u00e1n en ejecuci\u00f3n"},"content":{"rendered":"<p>Tal como la hab\u00eda hecho durante el lunes, el presidente electo Javier Milei continu\u00f3 con su raid de entrevistas por los medios amigos, y este martes fue el turno de su mentor medi\u00e1tico: el comentador Alejandro Fantino. En una extensa entrevista, el ultraderechista ratific\u00f3 cu\u00e1l ser\u00e1 el eje principal de su gobierno: el ajuste, bajo el plan &#8220;motosierra&#8221;.<\/p>\n<p><span class=\"cuerpo\">&#8220;Nosotros no tenemos plata, por lo cual esas obras pueden ser entregadas al sector privado y que la terminen ellos&#8221;, apunt\u00f3.<\/p>\n<p>&#8220;Es la primera vez en la historia que gana alguien que hace campa\u00f1a diciendo que va a hacer ajuste&#8221;, se vanaglori\u00f3 Milei, en una entrevista mano a mano con el excomentador de f\u00fatbol y ahora devenido due\u00f1o de una radio online.<\/p>\n<p>Y ampli\u00f3: &#8220;El ajuste no lo van a pagar los argentinos de bien, lo van a pagar los pol\u00edticos y sus socios. Llamese la casta&#8221;.<\/p>\n<p>En ese mismo sentido, reconoci\u00f3 que puede haber &#8220;resistencia al cambio&#8221;, pero que &#8220;son minor\u00edas bulliciosas&#8221;, a las que &#8220;el otro d\u00eda los argentinos le dieron un cachetazo&#8221;, consider\u00f3.<\/p>\n<p>Al referirse a las primeras medidas concretas de su Gobierno, el presidente electo afirm\u00f3 que realizar\u00e1 un ajuste fiscal de shock, &#8220;para ir directamente a d\u00e9ficit financiero cero, lo que significa que la deuda no crece m\u00e1s y te volv\u00e9s solvente intertemporalmente. Alcanzas un equilibrio fiscal&#8221;, explic\u00f3. Y ratific\u00f3 que &#8220;el ajuste lo pagar\u00e1 el Estado y no el sector privado&#8221;.<\/p>\n<p>Sobre este punto, cuestionado respecto a qu\u00e9 pasar\u00e1 con la obra p\u00fablica, fuente de trabajo y crecimiento para mucha de las provincias argentinas, Milei fue contundente y respondi\u00f3: &#8220;No hay plata&#8221;. &#8220;Nosotros no tenemos plata, por lo cual esas obras pueden ser entregadas al sector privado y que la terminen ellos&#8221;.<\/p>\n<p>Seg\u00fan consider\u00f3 el l\u00edder de La Libertad Avanza (LLA), cada intendente o gobernador deber\u00e1 buscar la forma de financiamiento, puesto que &#8220;vamos a ir a un sistema de iniciativa privada, a la chilena&#8221;. &#8220;No hay plata. Si no hacemos el ajuste fiscal nos vamos a la hiperflaci\u00f3n, con el 95 por ciento de pobres&#8221;, dijo sin dar muchos m\u00e1s detalles.<\/p>\n<p>En otro tramo de la entrevista, descart\u00f3 un nuevo Plan Bonex para resolver la deuda del Banco Central con las entidades financieras y habl\u00f3 de un respeto a rajatabla del derecho de propiedad. Es decir que, &#8220;el problema de las Leliqs tendr\u00e1 una soluci\u00f3n de mercado, sin Plan Bonex\u201d, explic\u00f3.<\/p>\n<p>Por otra parte, el l\u00edder de La Libertad Avanza (LLA) anticip\u00f3 que el 11 de diciembre enviar\u00e1 al Congreso un paquete grande de leyes que tendr\u00e1 como eje la denominada \u201creforma del Estado\u201d, un eufemismo menemista para habilitar las privatizaciones<\/p>\n<p>&#8220;Nosotros planteamos un plan de ajuste y reformas para que se genere crecimiento econ\u00f3mico&#8221;, afirm\u00f3 Milei, sin dar demasiadas precisiones, y sentenci\u00f3: &#8220;O nos salvamos todos los argentinos de bien o nos convertimos en la villa miseria m\u00e1s grande del mundo&#8221;.<\/p>\n<p>Finalmente, ante la pregunta de que suceder\u00e1 si la respuesta a un ajuste brutal es la salida de la gente a manifestarse en las calles, el ultraderechista vaticin\u00f3 un escenario de represi\u00f3n. &#8220;Dentro de la ley todo, fuera de la ley nada. No vamos a aceptar ser extorsionados por aquellos que usan la violencia para mantener sus privilegios. Por lo tanto, vamos a actuar con toda la fuerza de la ley. El orden se respeta&#8221;, se\u00f1al\u00f3.<\/span><\/p>\n<p><span class=\"cuerpo\">Mi\u00e9rcoles, 22 de noviembre de 2023<\/span><\/p>\n","protected":false},"excerpt":{"rendered":"<p>Tal como la hab\u00eda hecho durante el lunes, el presidente electo Javier Milei continu\u00f3 con su raid de entrevistas por los medios amigos, y este martes fue el turno de su mentor medi\u00e1tico: el comentador Alejandro Fantino. En una extensa entrevista, el ultraderechista ratific\u00f3 cu\u00e1l ser\u00e1 el eje principal de su gobierno: el ajuste, bajo [&hellip;]<\/p>\n","protected":false},"author":2,"featured_media":21076,"comment_status":"closed","ping_status":"closed","sticky":false,"template":"","format":"standard","meta":{"footnotes":""},"categories":[64,66],"tags":[],"class_list":["post-21075","post","type-post","status-publish","format-standard","has-post-thumbnail","hentry","category-nacionales","category-politica-nacionales"],"_links":{"self":[{"href":"https:\/\/radiosurfm.com\/web\/wp-json\/wp\/v2\/posts\/21075","targetHints":{"allow":["GET"]}}],"collection":[{"href":"https:\/\/radiosurfm.com\/web\/wp-json\/wp\/v2\/posts"}],"about":[{"href":"https:\/\/radiosurfm.com\/web\/wp-json\/wp\/v2\/types\/post"}],"author":[{"embeddable":true,"href":"https:\/\/radiosurfm.com\/web\/wp-json\/wp\/v2\/users\/2"}],"replies":[{"embeddable":true,"href":"https:\/\/radiosurfm.com\/web\/wp-json\/wp\/v2\/comments?post=21075"}],"version-history":[{"count":0,"href":"https:\/\/radiosurfm.com\/web\/wp-json\/wp\/v2\/posts\/21075\/revisions"}],"wp:featuredmedia":[{"embeddable":true,"href":"https:\/\/radiosurfm.com\/web\/wp-json\/wp\/v2\/media\/21076"}],"wp:attachment":[{"href":"https:\/\/radiosurfm.com\/web\/wp-json\/wp\/v2\/media?parent=21075"}],"wp:term":[{"taxonomy":"category","embeddable":true,"href":"https:\/\/radiosurfm.com\/web\/wp-json\/wp\/v2\/categories?post=21075"},{"taxonomy":"post_tag","embeddable":true,"href":"https:\/\/radiosurfm.com\/web\/wp-json\/wp\/v2\/tags?post=21075"}],"curies":[{"name":"wp","href":"https:\/\/api.w.org\/{rel}","templated":true}]}}