{"id":21152,"date":"2023-11-24T18:40:31","date_gmt":"2023-11-24T21:40:31","guid":{"rendered":"https:\/\/radiosurfm.com\/web\/?p=21152"},"modified":"2023-11-24T18:40:31","modified_gmt":"2023-11-24T21:40:31","slug":"el-lunes-no-abre-sus-puertas-anses","status":"publish","type":"post","link":"https:\/\/radiosurfm.com\/web\/2023\/11\/24\/el-lunes-no-abre-sus-puertas-anses\/","title":{"rendered":"El lunes no abre sus puertas ANSES"},"content":{"rendered":"<p><span class=\"intro\">ANSES informa que el pr\u00f3ximo lunes 27 de noviembre sus oficinas permanecer\u00e1n cerradas al p\u00fablico por conmemorarse el D\u00eda de las y los trabajadores previsionales argentinos. En tanto, el martes 28 abrir\u00e1n con total normalidad.<\/span><\/p>\n<p><span class=\"cuerpo\"><\/p>\n<p>Asimismo, el organismo previsional recuerda que se pueden gestionar consultas y realizar tr\u00e1mites durante las 24 horas, los 365 d\u00edas del a\u00f1o, desde su sitio web www.anses.gob.ar.<\/p>\n<p>El 28 de octubre de 2009 se sancion\u00f3 la Ley N\u00b0 26.533, que declara al 27 de noviembre como el D\u00eda del Trabajador Previsional Argentino, en conmemoraci\u00f3n a la creaci\u00f3n de la Secretar\u00eda de Trabajo y Previsi\u00f3n de la Naci\u00f3n en 1943.<\/span><\/p>\n","protected":false},"excerpt":{"rendered":"<p>ANSES informa que el pr\u00f3ximo lunes 27 de noviembre sus oficinas permanecer\u00e1n cerradas al p\u00fablico por conmemorarse el D\u00eda de las y los trabajadores previsionales argentinos. En tanto, el martes 28 abrir\u00e1n con total normalidad. Asimismo, el organismo previsional recuerda que se pueden gestionar consultas y realizar tr\u00e1mites durante las 24 horas, los 365 d\u00edas [&hellip;]<\/p>\n","protected":false},"author":2,"featured_media":831,"comment_status":"closed","ping_status":"closed","sticky":false,"template":"","format":"standard","meta":{"footnotes":""},"categories":[56],"tags":[],"class_list":["post-21152","post","type-post","status-publish","format-standard","has-post-thumbnail","hentry","category-locales"],"_links":{"self":[{"href":"https:\/\/radiosurfm.com\/web\/wp-json\/wp\/v2\/posts\/21152","targetHints":{"allow":["GET"]}}],"collection":[{"href":"https:\/\/radiosurfm.com\/web\/wp-json\/wp\/v2\/posts"}],"about":[{"href":"https:\/\/radiosurfm.com\/web\/wp-json\/wp\/v2\/types\/post"}],"author":[{"embeddable":true,"href":"https:\/\/radiosurfm.com\/web\/wp-json\/wp\/v2\/users\/2"}],"replies":[{"embeddable":true,"href":"https:\/\/radiosurfm.com\/web\/wp-json\/wp\/v2\/comments?post=21152"}],"version-history":[{"count":0,"href":"https:\/\/radiosurfm.com\/web\/wp-json\/wp\/v2\/posts\/21152\/revisions"}],"wp:featuredmedia":[{"embeddable":true,"href":"https:\/\/radiosurfm.com\/web\/wp-json\/wp\/v2\/media\/831"}],"wp:attachment":[{"href":"https:\/\/radiosurfm.com\/web\/wp-json\/wp\/v2\/media?parent=21152"}],"wp:term":[{"taxonomy":"category","embeddable":true,"href":"https:\/\/radiosurfm.com\/web\/wp-json\/wp\/v2\/categories?post=21152"},{"taxonomy":"post_tag","embeddable":true,"href":"https:\/\/radiosurfm.com\/web\/wp-json\/wp\/v2\/tags?post=21152"}],"curies":[{"name":"wp","href":"https:\/\/api.w.org\/{rel}","templated":true}]}}