{"id":21160,"date":"2023-11-24T19:29:03","date_gmt":"2023-11-24T22:29:03","guid":{"rendered":"https:\/\/radiosurfm.com\/web\/?p=21160"},"modified":"2023-11-24T19:29:03","modified_gmt":"2023-11-24T22:29:03","slug":"la-uocra-se-declaro-en-alerta-por-los-anuncios-de-milei-sobre-la-obra-publica","status":"publish","type":"post","link":"https:\/\/radiosurfm.com\/web\/2023\/11\/24\/la-uocra-se-declaro-en-alerta-por-los-anuncios-de-milei-sobre-la-obra-publica\/","title":{"rendered":"La Uocra se declar\u00f3 en &#8220;alerta&#8221; por los anuncios de Milei sobre la obra p\u00fablica"},"content":{"rendered":"<div>La conducci\u00f3n nacional de la Uni\u00f3n Obrera de la Construcci\u00f3n (Uocra), que lidera Gerardo Mart\u00ednez, expres\u00f3 este viernes su &#8220;profunda preocupaci\u00f3n&#8221; respecto de &#8220;la incertidumbre provocada por las manifestaciones medi\u00e1ticas del presidente electo, Javier Milei, sobre el futuro de la obra p\u00fablica&#8221;, y determin\u00f3 el estado de alerta de la organizaci\u00f3n gremial.<\/div>\n<div><span style=\"color: #252525; font-family: Montserrat, sans-serif;\">\u00a0<\/span><\/div>\n<div>Un documento firmado por Mart\u00ednez, secretario de Relaciones Internacionales de la CGT, se pronunci\u00f3 en defensa de los 220 mil puestos de trabajo en las obras p\u00fablicas que actualmente est\u00e1n en ejecuci\u00f3n y rechaz\u00f3 las afirmaciones del presidente electo por La Libertad Avanza (LLA), ya que &#8220;arriesgan la continuidad laboral de esos trabajadores&#8221;.<\/div>\n<div><span style=\"color: #252525; font-family: Montserrat, sans-serif;\">\u00a0<\/span><\/div>\n<div>La Uocra advirti\u00f3 tambi\u00e9n al sector empresario de la industria que &#8220;el actual Gobierno a\u00fan en ejercicio tiene garantizada la ejecuci\u00f3n de las partidas presupuestarias hasta diciembre pr\u00f3ximo, lo que de hecho asegura la normal continuidad de las obras en curso, por lo que no hay argumentos v\u00e1lidos para justificar despidos, lo que no contribuye a la paz social&#8221;.<\/div>\n<div><span style=\"color: #252525; font-family: Montserrat, sans-serif;\">\u00a0<\/span><\/div>\n<div>&#8220;El actual Gobierno garantiz\u00f3 la ejecuci\u00f3n de las partidas hasta fin de a\u00f1o para la normal continuidad de las actuales obras, por lo que no existen argumentos v\u00e1lidos para justificar despidos, lo que no contribuye en nada a la paz social, a la que hay que contribuir&#8221;, remarc\u00f3 el gremio.<\/div>\n<div><span style=\"color: #252525; font-family: Montserrat, sans-serif;\">\u00a0<\/span><\/div>\n<div>La Uocra sostuvo adem\u00e1s que la industria de la construcci\u00f3n es &#8220;un sector clave para el desarrollo del pa\u00eds, dinamizador de la actividad econ\u00f3mica y multiplicador de empleo genuino, ya que genera m\u00e1s de un mill\u00f3n de puestos de trabajo directos e indirectos&#8221;.<\/div>\n<div><\/div>\n<div>\n<div>&#8220;La obra p\u00fablica es en cualquier lugar del mundo una inversi\u00f3n y no un gasto. En especial en la Argentina, que requiere de un planeamiento estrat\u00e9gico a nivel de infraestructura para contribuir al desarrollo econ\u00f3mico en el contexto de un d\u00e9ficit habitacional de aproximadamente cuatro millones de viviendas&#8221;, puntualiz\u00f3 el dirigente en el documento.<\/div>\n<div><span style=\"color: #252525; font-family: Montserrat, sans-serif;\">\u00a0<\/span><\/div>\n<div>Mart\u00ednez inst\u00f3 a &#8220;la responsabilidad y el di\u00e1logo tripartito virtuoso entre el gobierno, las empresas y los trabajadores para alcanzar consensos que posibiliten que el tema no se convierta en una hip\u00f3tesis de conflicto sino en un acuerdo de pol\u00edtica de Estado&#8221;.<\/div>\n<div><span style=\"color: #252525; font-family: Montserrat, sans-serif;\">\u00a0<\/span><\/div>\n<div>&#8220;El tema no debe ser una hip\u00f3tesis de conflicto sino un acuerdo de pol\u00edtica de Estado para contribuir y apuntalar el desarrollo estrat\u00e9gico que requiere la Argentina&#8221;, concluy\u00f3.<\/div>\n<\/div>\n","protected":false},"excerpt":{"rendered":"<p>La conducci\u00f3n nacional de la Uni\u00f3n Obrera de la Construcci\u00f3n (Uocra), que lidera Gerardo Mart\u00ednez, expres\u00f3 este viernes su &#8220;profunda preocupaci\u00f3n&#8221; respecto de &#8220;la incertidumbre provocada por las manifestaciones medi\u00e1ticas del presidente electo, Javier Milei, sobre el futuro de la obra p\u00fablica&#8221;, y determin\u00f3 el estado de alerta de la organizaci\u00f3n gremial. \u00a0 Un documento [&hellip;]<\/p>\n","protected":false},"author":2,"featured_media":21161,"comment_status":"closed","ping_status":"closed","sticky":false,"template":"","format":"standard","meta":{"footnotes":""},"categories":[64],"tags":[],"class_list":["post-21160","post","type-post","status-publish","format-standard","has-post-thumbnail","hentry","category-nacionales"],"_links":{"self":[{"href":"https:\/\/radiosurfm.com\/web\/wp-json\/wp\/v2\/posts\/21160","targetHints":{"allow":["GET"]}}],"collection":[{"href":"https:\/\/radiosurfm.com\/web\/wp-json\/wp\/v2\/posts"}],"about":[{"href":"https:\/\/radiosurfm.com\/web\/wp-json\/wp\/v2\/types\/post"}],"author":[{"embeddable":true,"href":"https:\/\/radiosurfm.com\/web\/wp-json\/wp\/v2\/users\/2"}],"replies":[{"embeddable":true,"href":"https:\/\/radiosurfm.com\/web\/wp-json\/wp\/v2\/comments?post=21160"}],"version-history":[{"count":0,"href":"https:\/\/radiosurfm.com\/web\/wp-json\/wp\/v2\/posts\/21160\/revisions"}],"wp:featuredmedia":[{"embeddable":true,"href":"https:\/\/radiosurfm.com\/web\/wp-json\/wp\/v2\/media\/21161"}],"wp:attachment":[{"href":"https:\/\/radiosurfm.com\/web\/wp-json\/wp\/v2\/media?parent=21160"}],"wp:term":[{"taxonomy":"category","embeddable":true,"href":"https:\/\/radiosurfm.com\/web\/wp-json\/wp\/v2\/categories?post=21160"},{"taxonomy":"post_tag","embeddable":true,"href":"https:\/\/radiosurfm.com\/web\/wp-json\/wp\/v2\/tags?post=21160"}],"curies":[{"name":"wp","href":"https:\/\/api.w.org\/{rel}","templated":true}]}}