{"id":21163,"date":"2023-11-24T19:31:28","date_gmt":"2023-11-24T22:31:28","guid":{"rendered":"https:\/\/radiosurfm.com\/web\/?p=21163"},"modified":"2023-11-24T19:31:28","modified_gmt":"2023-11-24T22:31:28","slug":"alfil-de-schiaretti-para-dirigir-anses","status":"publish","type":"post","link":"https:\/\/radiosurfm.com\/web\/2023\/11\/24\/alfil-de-schiaretti-para-dirigir-anses\/","title":{"rendered":"Alfil de Schiaretti para dirigir Anses"},"content":{"rendered":"<p>Pese a que ella misma lo desminti\u00f3 en su cuenta de la ex twitter, la ex candidata a gobernadora de Buenos Aires,\u00a0<b><a href=\"https:\/\/panel.cronista.com\/tools\/redirect.php?t=3&amp;i=1027369&amp;s=037b8e6065112f623523274c4102e9de\" target=\"_blank\" rel=\"noopener\">Carolina P\u00edparo<\/a><\/b>, ahora tambi\u00e9n se hab\u00eda convertido en ex candidata a dirigir la Administraci\u00f3n Nacional de Seguridad Social, Anses. En su lugar, el presidente electo Javier Milei habr\u00eda optado por convocar para el cargo a un especialista tributario ajeno a su agrupaci\u00f3n: Osvaldo Giordano, actual ministro de Finanzas de C\u00f3rdoba en el gobierno de Juan Schiaretti.<\/p>\n<div id=\"ad-slot-inline1\" class=\"ad-slot-inline1 ad-slot\" data-adzonerun=\"1\" data-adtype=\"inline1\"><\/div>\n<div id=\"talkFireEvent\"><\/div>\n<p>Hasta \u00faltima hora de la tarde de ayer todav\u00eda se pon\u00eda en dudas de que el actual funcionario cordob\u00e9s acepatar el ofrecimiento. Pero si bien no hubo una confirmaci\u00f3n oficial, diversas fuentes lo daban como un hecho. Giordano se convertir\u00eda as\u00ed en el primer nombramiento de peso que sella el compromiso que asume el peronismo de C\u00f3rdoba con el futuro gobierno de Javier Milei.<\/p>\n<div id=\"ad-slot-video_inread\" class=\"ad-slot-video_inread ad-slot\" data-adzonerun=\"1\" data-adtype=\"video_inread\" data-google-query-id=\"CJHC38nX3YIDFVqflQIdQ1sGpw\">\n<div id=\"google_ads_iframe_\/349353471\/p12\/nota_video_inread_0__container__\"><\/div>\n<\/div>\n<p>Es que Giordano acompa\u00f1a a Schiaretti desde hace m\u00e1s de diez a\u00f1os. Ocup\u00f3 el cargo de director de Previsi\u00f3n Social de C\u00f3rdoba durante ocho a\u00f1os, entre 2007 y 2015, y en este \u00faltimo a\u00f1o se hizo cargo del Ministerio de Finanzas, cargo que a\u00fan ejerce.<\/p>\n<p>Investigador de la Fundaci\u00f3n Mediterr\u00e1nea hasta 1991, pas\u00f3 a formar parte del equipo de Domingo Cavallo entre 1992 y 1996 como subsecretario de Econom\u00eda Laboral y Social. Ocup\u00f3 luego otros cargos siempre bajo la presidencia de Carlos Menem (secretario de Empleo y Capacitaci\u00f3n Laboral 1996\/97, Superintendente de Riesgos de Trabajo 1997\/98 y Director de Recursos de la Seguridad Social en la AFIP, desde 1998 hasta 2002, ya durante el gobierno provisional de Eduardo Duhalde).<\/p>\n<p>&nbsp;<\/p>\n","protected":false},"excerpt":{"rendered":"<p>Pese a que ella misma lo desminti\u00f3 en su cuenta de la ex twitter, la ex candidata a gobernadora de Buenos Aires,\u00a0Carolina P\u00edparo, ahora tambi\u00e9n se hab\u00eda convertido en ex candidata a dirigir la Administraci\u00f3n Nacional de Seguridad Social, Anses. En su lugar, el presidente electo Javier Milei habr\u00eda optado por convocar para el cargo [&hellip;]<\/p>\n","protected":false},"author":2,"featured_media":21164,"comment_status":"closed","ping_status":"closed","sticky":false,"template":"","format":"standard","meta":{"footnotes":""},"categories":[65,64],"tags":[],"class_list":["post-21163","post","type-post","status-publish","format-standard","has-post-thumbnail","hentry","category-economia","category-nacionales"],"_links":{"self":[{"href":"https:\/\/radiosurfm.com\/web\/wp-json\/wp\/v2\/posts\/21163","targetHints":{"allow":["GET"]}}],"collection":[{"href":"https:\/\/radiosurfm.com\/web\/wp-json\/wp\/v2\/posts"}],"about":[{"href":"https:\/\/radiosurfm.com\/web\/wp-json\/wp\/v2\/types\/post"}],"author":[{"embeddable":true,"href":"https:\/\/radiosurfm.com\/web\/wp-json\/wp\/v2\/users\/2"}],"replies":[{"embeddable":true,"href":"https:\/\/radiosurfm.com\/web\/wp-json\/wp\/v2\/comments?post=21163"}],"version-history":[{"count":0,"href":"https:\/\/radiosurfm.com\/web\/wp-json\/wp\/v2\/posts\/21163\/revisions"}],"wp:featuredmedia":[{"embeddable":true,"href":"https:\/\/radiosurfm.com\/web\/wp-json\/wp\/v2\/media\/21164"}],"wp:attachment":[{"href":"https:\/\/radiosurfm.com\/web\/wp-json\/wp\/v2\/media?parent=21163"}],"wp:term":[{"taxonomy":"category","embeddable":true,"href":"https:\/\/radiosurfm.com\/web\/wp-json\/wp\/v2\/categories?post=21163"},{"taxonomy":"post_tag","embeddable":true,"href":"https:\/\/radiosurfm.com\/web\/wp-json\/wp\/v2\/tags?post=21163"}],"curies":[{"name":"wp","href":"https:\/\/api.w.org\/{rel}","templated":true}]}}