{"id":21205,"date":"2023-11-27T20:40:44","date_gmt":"2023-11-27T23:40:44","guid":{"rendered":"https:\/\/radiosurfm.com\/web\/?p=21205"},"modified":"2023-11-27T20:40:44","modified_gmt":"2023-11-27T23:40:44","slug":"riquelme-vs-macri-la-oposicion-se-paso-de-la-linea-tan-sucio-no-se-puede-ser","status":"publish","type":"post","link":"https:\/\/radiosurfm.com\/web\/2023\/11\/27\/riquelme-vs-macri-la-oposicion-se-paso-de-la-linea-tan-sucio-no-se-puede-ser\/","title":{"rendered":"Riquelme vs Macri: &#8220;La oposici\u00f3n se pas\u00f3 de la l\u00ednea, tan sucio no se puede ser&#8221;"},"content":{"rendered":"<p><b>Juan Rom\u00e1n Riquelme<\/b>\u00a0retom\u00f3 la palabra este lunes en la antesala de las elecciones de Boca, donde es candidato presidencial, y\u00a0<b>se refiri\u00f3 al irregular cambio de d\u00eda de los comicios, que pasaron del s\u00e1bado al domingo 3<\/b>\u00a0tras una disposici\u00f3n judicial. A su vez, habl\u00f3 de los intereses extranjeros detr\u00e1s del avance privatizador, de sus \u00faltimos encuentros con\u00a0<b>Mauricio Macri -candidato a vice por la oposici\u00f3n-<\/b>, La Bombonera y su relaci\u00f3n con Carlos Bianchi.<\/p>\n<div id=\"ad-slot-inline1\" class=\"ad-slot-inline1 ad-slot\" data-adzonerun=\"1\" data-adtype=\"inline1\"><\/div>\n<div id=\"talkFireEvent\"><\/div>\n<p>&#8220;Cuando digo que lo m\u00e1s sagrado es el hincha y lo est\u00e1n lastimando cada d\u00eda, es porque nosotros ten\u00edamos las elecciones el s\u00e1bado 2. Nosotros quer\u00edamos votar ese d\u00eda porque tenemos la suerte que viene gente de Mar del Plata, de Rosario, de Santa Fe, de Tucum\u00e1n, del sur del pa\u00eds, de Jujuy, de Catamarca&#8230;\u00a0<b>Y nosotros tenemos que pensar que esa gente tiene que hacer 10, 15, 20 horas de micro para venir a disfrutar de su fiesta, porque ellos son los verdaderos due\u00f1os.<\/b>\u00a0Y despu\u00e9s volver 10, 15, 20 horas otra vez en micro para su casa, para el domingo poder descansar y el lunes trabajar.\u00a0<b>Y ellos, lo \u00fanico que est\u00e1n intentando es que el hincha no venga a votar&#8221;, explic\u00f3<\/b>\u00a0el actual vicepresidente, antes de relatar el trasfondo de la denuncia que origin\u00f3 el cambio de d\u00eda.<\/p>\n<p>&#8220;Llamaron por tel\u00e9fono, como se hace todo \u00faltimamente estos 30, 60 d\u00edas.\u00a0<b>Llam\u00f3 por tel\u00e9fono un an\u00f3nimo<\/b>, denunciando que se sent\u00eda discriminado, cosa que jam\u00e1s har\u00edamos.\u00a0<b>Nombraron a ocho personas y, de las ocho, seis se enteraron por los medios que usaron su nombre. Y esos seis se presentaron al club<\/b>\u00a0y gracias a dios lo tenemos ante escribano p\u00fablico, con sus declaraciones y sus firmas, que les usaron sus nombres.\u00a0<b>Yo fui hasta s\u00e9ptimo grado, por ah\u00ed soy bruto, pero creo que lo l\u00f3gico es que quien haya hecho esa denuncia vaya preso.<\/b>\u00a0El juez tambi\u00e9n hizo mal su trabajo porque cuando vos recib\u00eds una denuncia, creo que primero ten\u00e9s que investigar, antes de dar una sentencia&#8221;, acus\u00f3 Rom\u00e1n en una entrevista televisiva con Jorge Rial.<\/p>\n<div id=\"ad-slot-inline2\" class=\"ad-slot-inline_grande ad-slot\" data-adzonerun=\"1\" data-adtype=\"inline_grande\"><\/div>\n<h2>&#8220;Ya pasaron la l\u00ednea, tan sucio no se puede ser&#8221;<\/h2>\n<p>&#8220;El caso de mi hermano fue igual, por una llamada por tel\u00e9fono -continu\u00f3 el candidato-. Y da la casualidad que la denuncia de mi hermano con la denuncia de la colectividad para cambiar la fecha de las elecciones la firm\u00f3 el mismo juez suplente o como se llama&#8221;,\u00a0<b>dijo el exenganche sin poder evitar las risas. &#8220;Me divierte, qu\u00e9 quer\u00e9s que te diga. Porque alg\u00fan argentino por fin se dar\u00e1 cuenta de lo que estamos viviendo. Es demasiado claro&#8221;.<\/b><\/p>\n<p><b>&#8220;Yo pens\u00e9 que esto no pasaba, que pasaba en la tele o cuando miro las series.\u00a0<\/b>Hay unas elecciones y las tenemos que cuidar entre todos los hinchas. Esto es como el deporte, hay que competir, el domingo tenemos que competir y\u00a0<b>lo que s\u00ed le pido a la oposici\u00f3n es que terminen con tanta suciedad<\/b>\u00a0y ayuden para que nuestros hinchas vayan el domingo para vivir una fiesta, como tiene que ser cada cuatro a\u00f1os.\u00a0<b>Me parece que ya pasaron la l\u00ednea, ya est\u00e1, tan sucio no se puede ser\u00a0<\/b>en una competencia, por llamarla de alguna manera&#8221;, breg\u00f3 Riquelme, en referencia a la f\u00f3rmula compuesta por Andr\u00e9s Ibarra y Mauricio Macri.<\/p>\n<h2>&#8220;Se lo van a vender a varios extranjeros&#8221;<\/h2>\n<p>Rom\u00e1n tambi\u00e9n se refiri\u00f3 a otro de los temas de la elecci\u00f3n,\u00a0<b>el ingreso de las Sociedades An\u00f3nimas Deportivas<\/b>\u00a0en el f\u00fatbol argentino, que cuenta con el apoyo de Macri y el presidente electo, Javier Milei.<\/p>\n<p>&#8220;El escudo es important\u00edsimo, los colores son important\u00edsimos. Pero por encima est\u00e1n los hinchas.\u00a0<b>Los hinchas son sagrados, no se jode que con eso.\u00a0<\/b>Y ac\u00e1 lo est\u00e1n tocando cada d\u00eda y eso molesta mucho. Nosotros tenemos las elecciones m\u00e1s simples de la historia de nuestro club. Porque nosotros tenemos f\u00fatbol y otras disciplinas, no es s\u00f3lamente un club de f\u00fatbol. O eleg\u00eds que te arranquen el coraz\u00f3n. Esa es la verdad.\u00a0<b>Se lo van a vender a varios extranjeros, no seremos m\u00e1s parte ni due\u00f1os del club&#8221;<\/b>.<\/p>\n<div id=\"ad-slot-inline4\" class=\"ad-slot-inline ad-slot\" data-adzonerun=\"1\" data-adtype=\"inline\"><\/div>\n<h2>Los encuentros con Macri<\/h2>\n<p><b>&#8220;\u00c9l perdi\u00f3 las PASO por mucho en 2019 y a los tres d\u00edas me cit\u00f3 en la Quinta de Olivos<\/b>, me tuvo siete horas y me quiso convencer de que lo haga ganar a (Christian) Gribaudo.\u00a0<b>Yo contest\u00e9 lo normal, que todo en la vida no se puede comprar&#8221;, record\u00f3<\/b>\u00a0Rom\u00e1n sobre un encuentro con Macri durante las elecciones pasadas, mientras que en cuanto a la repregunta por el significado de &#8220;comprar&#8221;, el exenganche devolvi\u00f3 con sutileza:\u00a0<b>&#8220;Creo que soy demasiado claro&#8221;<\/b>.<\/p>\n<p>Sobre el \u00faltimo cara a cara con Macri, Riquelme repiti\u00f3 lo que hace unos d\u00edas revel\u00f3 por primera vez y caus\u00f3 cierto revuelo:\u00a0<b>&#8220;La \u00faltima vez que habl\u00e9 fue seis meses despu\u00e9s del Mundial, que me dijo que ten\u00eda que traer al nueve de Qatar. Que si no se iba a complicar que sigamos teniendo a Qatar de sponsor en la camiseta.<\/b>\u00a0Yo le dije que nosotros amamos al club, respetamos al nueve de Qatar&#8230; No s\u00e9 qui\u00e9n es. Pero nosotros tratamos de todas las maneras, y con todos los problemas que tiene el pa\u00eds, de traer jugadores que creemos que nos pueden ayudar&#8221;.<\/p>\n<h2>Sobre La Bombonera<\/h2>\n<p>&#8220;Si vos cambi\u00e1s la Bombonera como est\u00e1 anunciado la oposici\u00f3n&#8230;\u00a0<b>Por m\u00e1s que te vayas a la esquina, a tres cuadras o a diez, se termina nuestro club, se termina nuestra historia, se pierde todo. Nos arrancan el coraz\u00f3n, as\u00ed de f\u00e1cil.\u00a0<\/b>Y eso no puede pasar. Yo no puedo decir que voy a agrandar la cancha sin hablar de los vecinos. Tengo que ir a hablar con ellos, y si est\u00e1n de acuerdo, perfecto&#8221;.<\/p>\n<p><b>&#8220;Nos entregaron el club con deuda, esta misma gente que quiere volver al club, que promete un estadio, que promete ser el PSG, o lo que sea.\u00a0<\/b>Porque prometer es f\u00e1cil. Y nosotros, despu\u00e9s de un cuatro a\u00f1os y uno y medio de pandemia, por primera vez un club de f\u00fatbol te pone el balance en la p\u00e1gina web para que vos lo revises de arriba a abajo y tenemos 28 millones de d\u00f3lares en la caja&#8221;.<\/p>\n<p><b>&#8220;Nadie dice que nos dieron un predio deportivo abandonado que tuvimos que arreglar todo, donde ten\u00edamos la pileta m\u00e1s grande de Ezeiza porque cada vez que llov\u00eda se inundaba<\/b>&#8230; Est\u00e1n las grabaciones, y gracias a dios lo pudimos arreglar. Y La Bombonera, much\u00edsimas veces se suspendi\u00f3 porque se inund\u00f3 y nosotros tomamos la decisi\u00f3n de arreglarla, nos cost\u00f3 un par de meses y nos da mucha felicidad&#8221;.<\/p>\n<h2>El supuesto video de Bianchi<\/h2>\n<p><b>En las \u00faltimas horas circul\u00f3 la versi\u00f3n que Carlos Bianchi protagonizar\u00eda un video -hasta se rumorea con una vuelta como DT- en apoyo expl\u00edcito a la candidatura de Rom\u00e1n, quien se refiri\u00f3 al respecto:\u00a0&#8220;\u00c9l es nuestro \u00eddolo. Es el que nos ense\u00f1\u00f3 a competir.\u00a0<\/b>Lleg\u00f3 en el &#8217;98, hac\u00eda mucho fr\u00edo en Tandil, nos dijo &#8216;hola, Soy Bianchi&#8217; y reci\u00e9n perdimos contra Independiente en el &#8217;99, imaginate. \u00c9l cambi\u00f3 la mentalidad de nuestro club, \u00e9l hizo creer que ganar la Copa Libertadores es simple y nosotros fuimos afortunados de tenerlo. Es m\u00e1s que un entrenador para m\u00ed, me quiere mucho, yo lo quiero mucho, su mujer tambi\u00e9n. Le hago unos l\u00edos b\u00e1rbaros cada vez que voy a la casa.\u00a0<b>Siempre hablo con \u00e9l. Yo no voy a usar a nadie. Soy feliz de que \u00e9l me quiere y siempre se acuerde de m\u00ed&#8221;.<\/b><\/p>\n","protected":false},"excerpt":{"rendered":"<p>Juan Rom\u00e1n Riquelme\u00a0retom\u00f3 la palabra este lunes en la antesala de las elecciones de Boca, donde es candidato presidencial, y\u00a0se refiri\u00f3 al irregular cambio de d\u00eda de los comicios, que pasaron del s\u00e1bado al domingo 3\u00a0tras una disposici\u00f3n judicial. A su vez, habl\u00f3 de los intereses extranjeros detr\u00e1s del avance privatizador, de sus \u00faltimos encuentros [&hellip;]<\/p>\n","protected":false},"author":2,"featured_media":21206,"comment_status":"closed","ping_status":"closed","sticky":false,"template":"","format":"standard","meta":{"footnotes":""},"categories":[83,64,66],"tags":[],"class_list":["post-21205","post","type-post","status-publish","format-standard","has-post-thumbnail","hentry","category-deporte","category-nacionales","category-politica-nacionales"],"_links":{"self":[{"href":"https:\/\/radiosurfm.com\/web\/wp-json\/wp\/v2\/posts\/21205","targetHints":{"allow":["GET"]}}],"collection":[{"href":"https:\/\/radiosurfm.com\/web\/wp-json\/wp\/v2\/posts"}],"about":[{"href":"https:\/\/radiosurfm.com\/web\/wp-json\/wp\/v2\/types\/post"}],"author":[{"embeddable":true,"href":"https:\/\/radiosurfm.com\/web\/wp-json\/wp\/v2\/users\/2"}],"replies":[{"embeddable":true,"href":"https:\/\/radiosurfm.com\/web\/wp-json\/wp\/v2\/comments?post=21205"}],"version-history":[{"count":0,"href":"https:\/\/radiosurfm.com\/web\/wp-json\/wp\/v2\/posts\/21205\/revisions"}],"wp:featuredmedia":[{"embeddable":true,"href":"https:\/\/radiosurfm.com\/web\/wp-json\/wp\/v2\/media\/21206"}],"wp:attachment":[{"href":"https:\/\/radiosurfm.com\/web\/wp-json\/wp\/v2\/media?parent=21205"}],"wp:term":[{"taxonomy":"category","embeddable":true,"href":"https:\/\/radiosurfm.com\/web\/wp-json\/wp\/v2\/categories?post=21205"},{"taxonomy":"post_tag","embeddable":true,"href":"https:\/\/radiosurfm.com\/web\/wp-json\/wp\/v2\/tags?post=21205"}],"curies":[{"name":"wp","href":"https:\/\/api.w.org\/{rel}","templated":true}]}}