{"id":21211,"date":"2023-11-27T20:45:08","date_gmt":"2023-11-27T23:45:08","guid":{"rendered":"https:\/\/radiosurfm.com\/web\/?p=21211"},"modified":"2023-11-27T20:45:08","modified_gmt":"2023-11-27T23:45:08","slug":"la-libertad-avanza-se-anota-en-la-carrera-por-el-control-en-diputados","status":"publish","type":"post","link":"https:\/\/radiosurfm.com\/web\/2023\/11\/27\/la-libertad-avanza-se-anota-en-la-carrera-por-el-control-en-diputados\/","title":{"rendered":"La Libertad Avanza se anota en la carrera por el control en Diputados"},"content":{"rendered":"<p>\u00bfQui\u00e9n se queda con la presidencia de Diputados? Mientras Cristian Ritondo (PRO) y Florencio Randazzo (ex compa\u00f1ero de f\u00f3rmula del cordob\u00e9s Juan Schiaretti) se disputan la conducci\u00f3n de la C\u00e1mara Baja, los diputados y senadores electos de La Libertad Avanza se reunir\u00e1n este lunes en el Hotel Libertador, donde van a reclamar que el cargo sea para uno de los propios. El tema debe ser definido antes del 7 de diciembre, cuando jurar\u00e1n los legisladores electos y se elegir\u00e1n las autoridades del cuerpo.<\/p>\n<div id=\"ad-slot-inline1\" class=\"ad-slot-inline1 ad-slot\" data-adzonerun=\"1\" data-adtype=\"inline1\"><\/div>\n<div id=\"talkFireEvent\"><\/div>\n<p>Ritondo es impulsado por Mauricio Macri en base al acuerdo que hizo con Milei para el balotaje. Randazzo, a su vez, apareci\u00f3 luego de la elecci\u00f3n y como resultado de la apertura de espacios destinados al oficialismo cordob\u00e9s referenciado en el gobernador Juan Schiaretti. Sin embargo, el grupo de los 38 diputados electos de LLA irrumpi\u00f3 con un vocero: Oscar Zago, actual legislador porte\u00f1o, uno de los nuevos diputados de Milei, y uno de los aspirantes para el cargo.<\/p>\n<div id=\"ad-slot-video_inread\" class=\"ad-slot-video_inread ad-slot\" data-adzonerun=\"1\" data-adtype=\"video_inread\" data-google-query-id=\"CPemq_yt5YIDFbCJlQIdEeEJmQ\">\n<div id=\"google_ads_iframe_\/349353471\/p12\/nota_video_inread_0__container__\"><\/div>\n<\/div>\n<p>\u201cNosotros vamos a juntarnos este lunes y desde ah\u00ed vamos a definir qui\u00e9nes queremos (la presidencia).\u00a0<b>Yo quiero que sea uno propio, que es lo que siempre conviene<\/b>\u201d, dijo Zago este domingo en un reportaje de Futurock. Agreg\u00f3 que, de la misma manera, definir\u00e1n qu\u00e9 comisiones quieren integrar. Zago argument\u00f3 en favor del reclamo que JxC<b>\u00a0\u201csi bien nos apoy\u00f3 no es una coalici\u00f3n pura&#8221;<\/b>, por lo que sostuvo que ser\u00eda mejor acordar posturas pero que cada cual se mantuviera en un bloque separado. &#8220;De hecho la semana pasada Elisa Carri\u00f3 abandon\u00f3 JxC y se retir\u00f3 con sus diputados. Tambi\u00e9n est\u00e1 la discusi\u00f3n radical dentro de Juntos\u201d, agreg\u00f3.<\/p>\n<div id=\"ad-slot-inline2\" class=\"ad-slot-inline_grande ad-slot\" data-adzonerun=\"1\" data-adtype=\"inline_grande\"><\/div>\n<p>La Libertad Avanza tiene 38 diputados electos, entre los que hay tres mencionados como candidatos de LLA para presidir Diputados: Zago, el puntano Carlos D&#8217;Alessandro y el bonaerense Guillermo Montenegro.<\/p>\n<p><b>La definici\u00f3n del presidente de la C\u00e1mara expresar\u00e1 si Milei va hacia un gobierno de coalici\u00f3n con el PRO o si la alianza adquiere un car\u00e1cter m\u00e1s circunstancial.<\/b>\u00a0Tambi\u00e9n impactar\u00e1 en el futuro del interbloque de Juntos por el Cambio (JxC), ya que si es Ritondo, la UCR, Evoluci\u00f3n, Emilio Monz\u00f3, Margarita Stolbizer y Miguel Pichetto, entre otros, quedar\u00edan en un espacio separado de entre 50 y 55 miembros.<\/p>\n<p>Si el elegido fuera Randazzo, JxC trabajar\u00eda para mantenerse unido en un interbloque de entre 92 y 95 diputados, con la promesa de un an\u00e1lisis ley por ley, aunque el n\u00famero final depender\u00eda de qu\u00e9 cantidad de representantes de gobernadores decidan compartir la estrategia.<\/p>\n<div id=\"ad-slot-inline3\" class=\"ad-slot-inline ad-slot\" data-adzonerun=\"1\" data-adtype=\"inline\"><\/div>\n<p>La discusi\u00f3n deber\u00e1 zanjarse antes de la sesi\u00f3n preparatoria de la C\u00e1mara de Diputados prevista para el 7 de diciembre, cuando jurar\u00e1n los legisladores electos y se elegir\u00e1n las autoridades del cuerpo.<\/p>\n<p>El cargo que actualmente ocupa la oficialista Cecilia Moreau es importante porque adem\u00e1s de manejar la C\u00e1mara est\u00e1 en la l\u00ednea de sucesi\u00f3n presidencial.<\/p>\n","protected":false},"excerpt":{"rendered":"<p>\u00bfQui\u00e9n se queda con la presidencia de Diputados? Mientras Cristian Ritondo (PRO) y Florencio Randazzo (ex compa\u00f1ero de f\u00f3rmula del cordob\u00e9s Juan Schiaretti) se disputan la conducci\u00f3n de la C\u00e1mara Baja, los diputados y senadores electos de La Libertad Avanza se reunir\u00e1n este lunes en el Hotel Libertador, donde van a reclamar que el cargo [&hellip;]<\/p>\n","protected":false},"author":2,"featured_media":21212,"comment_status":"closed","ping_status":"closed","sticky":false,"template":"","format":"standard","meta":{"footnotes":""},"categories":[64,66],"tags":[],"class_list":["post-21211","post","type-post","status-publish","format-standard","has-post-thumbnail","hentry","category-nacionales","category-politica-nacionales"],"_links":{"self":[{"href":"https:\/\/radiosurfm.com\/web\/wp-json\/wp\/v2\/posts\/21211","targetHints":{"allow":["GET"]}}],"collection":[{"href":"https:\/\/radiosurfm.com\/web\/wp-json\/wp\/v2\/posts"}],"about":[{"href":"https:\/\/radiosurfm.com\/web\/wp-json\/wp\/v2\/types\/post"}],"author":[{"embeddable":true,"href":"https:\/\/radiosurfm.com\/web\/wp-json\/wp\/v2\/users\/2"}],"replies":[{"embeddable":true,"href":"https:\/\/radiosurfm.com\/web\/wp-json\/wp\/v2\/comments?post=21211"}],"version-history":[{"count":0,"href":"https:\/\/radiosurfm.com\/web\/wp-json\/wp\/v2\/posts\/21211\/revisions"}],"wp:featuredmedia":[{"embeddable":true,"href":"https:\/\/radiosurfm.com\/web\/wp-json\/wp\/v2\/media\/21212"}],"wp:attachment":[{"href":"https:\/\/radiosurfm.com\/web\/wp-json\/wp\/v2\/media?parent=21211"}],"wp:term":[{"taxonomy":"category","embeddable":true,"href":"https:\/\/radiosurfm.com\/web\/wp-json\/wp\/v2\/categories?post=21211"},{"taxonomy":"post_tag","embeddable":true,"href":"https:\/\/radiosurfm.com\/web\/wp-json\/wp\/v2\/tags?post=21211"}],"curies":[{"name":"wp","href":"https:\/\/api.w.org\/{rel}","templated":true}]}}