{"id":21333,"date":"2023-12-04T20:02:24","date_gmt":"2023-12-04T23:02:24","guid":{"rendered":"https:\/\/radiosurfm.com\/web\/?p=21333"},"modified":"2023-12-04T20:02:24","modified_gmt":"2023-12-04T23:02:24","slug":"insolito-tenia-prision-domiciliaria-y-lo-detuvieron-cuando-circulaba-en-bicicleta","status":"publish","type":"post","link":"https:\/\/radiosurfm.com\/web\/2023\/12\/04\/insolito-tenia-prision-domiciliaria-y-lo-detuvieron-cuando-circulaba-en-bicicleta\/","title":{"rendered":"Ins\u00f3lito: ten\u00eda prisi\u00f3n domiciliaria y lo detuvieron cuando circulaba en bicicleta"},"content":{"rendered":"<p>La Polic\u00eda inform\u00f3 este viernes que detuvo a un hombre que circulaba en bicicleta y ten\u00eda prisi\u00f3n domiciliaria en la localidad correntina de Monte Caseros.<\/p>\n<p>El hecho se registr\u00f3 esta ma\u00f1ana cuando los efectivos realizaban un recorrido de rutina por la Ruta provincial N\u00ba 129 a la altura del kil\u00f3metro 30.<\/p>\n<p>En ese momento, observaron la presencia de un sujeto de 44 a\u00f1os que estaba a bordo de una bicicleta.<\/p>\n<p>Al ser demorado y realizarle la requisa correspondiente, se observ\u00f3 que el ciclista pose\u00eda un cuchillo.<\/p>\n<div class=\"container_publi\" data-tipo=\"tipo_desktop \" data-pos=\"AMP_P1_cuerpo\">\n<div class=\" lazyloaded\" data-gpt=\"\/22675780113\/nota\/AMP_cuerpo_x\" data-size=\"[750,300]\" data-expand=\"300\"><\/div>\n<\/div>\n<p>Posteriormente al consultar al\u00a0Sistema Federal de Comunicaciones Policiales (Sifcop) se determin\u00f3 que el hombre pose\u00eda prisi\u00f3n domiciliaria.<\/p>\n<p>Por tal motivo, el hombre se procedi\u00f3 a su demora y qued\u00f3 a disposici\u00f3n de la justicia.<\/p>\n","protected":false},"excerpt":{"rendered":"<p>La Polic\u00eda inform\u00f3 este viernes que detuvo a un hombre que circulaba en bicicleta y ten\u00eda prisi\u00f3n domiciliaria en la localidad correntina de Monte Caseros. El hecho se registr\u00f3 esta ma\u00f1ana cuando los efectivos realizaban un recorrido de rutina por la Ruta provincial N\u00ba 129 a la altura del kil\u00f3metro 30. En ese momento, observaron [&hellip;]<\/p>\n","protected":false},"author":2,"featured_media":21334,"comment_status":"closed","ping_status":"closed","sticky":false,"template":"","format":"standard","meta":{"footnotes":""},"categories":[68,72],"tags":[],"class_list":["post-21333","post","type-post","status-publish","format-standard","has-post-thumbnail","hentry","category-policiales-nacionales","category-provinciales"],"_links":{"self":[{"href":"https:\/\/radiosurfm.com\/web\/wp-json\/wp\/v2\/posts\/21333","targetHints":{"allow":["GET"]}}],"collection":[{"href":"https:\/\/radiosurfm.com\/web\/wp-json\/wp\/v2\/posts"}],"about":[{"href":"https:\/\/radiosurfm.com\/web\/wp-json\/wp\/v2\/types\/post"}],"author":[{"embeddable":true,"href":"https:\/\/radiosurfm.com\/web\/wp-json\/wp\/v2\/users\/2"}],"replies":[{"embeddable":true,"href":"https:\/\/radiosurfm.com\/web\/wp-json\/wp\/v2\/comments?post=21333"}],"version-history":[{"count":0,"href":"https:\/\/radiosurfm.com\/web\/wp-json\/wp\/v2\/posts\/21333\/revisions"}],"wp:featuredmedia":[{"embeddable":true,"href":"https:\/\/radiosurfm.com\/web\/wp-json\/wp\/v2\/media\/21334"}],"wp:attachment":[{"href":"https:\/\/radiosurfm.com\/web\/wp-json\/wp\/v2\/media?parent=21333"}],"wp:term":[{"taxonomy":"category","embeddable":true,"href":"https:\/\/radiosurfm.com\/web\/wp-json\/wp\/v2\/categories?post=21333"},{"taxonomy":"post_tag","embeddable":true,"href":"https:\/\/radiosurfm.com\/web\/wp-json\/wp\/v2\/tags?post=21333"}],"curies":[{"name":"wp","href":"https:\/\/api.w.org\/{rel}","templated":true}]}}