{"id":21345,"date":"2023-12-06T18:16:07","date_gmt":"2023-12-06T21:16:07","guid":{"rendered":"https:\/\/radiosurfm.com\/web\/?p=21345"},"modified":"2023-12-06T18:16:07","modified_gmt":"2023-12-06T21:16:07","slug":"lisandro-paleari-deja-la-jefatura-de-la-oficina-goya-de-anses","status":"publish","type":"post","link":"https:\/\/radiosurfm.com\/web\/2023\/12\/06\/lisandro-paleari-deja-la-jefatura-de-la-oficina-goya-de-anses\/","title":{"rendered":"Lisandro Paleari deja la jefatura de la oficina Goya de ANSES"},"content":{"rendered":"<p>El actual funcionario cumplir\u00e1 su rol hasta el 10 de diciembre, momento en el cual dejar\u00e1 su cargo. \u201cFueron m\u00e1s de tres a\u00f1os y medio de intensa actividad en la que buscamos siempre estar presentes en toda la jurisdicci\u00f3n de la UDAI Goya de ANSES, estar m\u00e1s cerca de los beneficiarios, poder gestionar sus tr\u00e1mites lo m\u00e1s r\u00e1pido posible y dar respuestas a la gente\u201d, dijo Lisandro Paleari.<\/p>\n<div>\u201cEl balance de estos m\u00e1s de tres a\u00f1os y medio al frente de ANSES Goya es muy positivo, se trabaj\u00f3 mucho, seguramente cometimos algunos errores tambi\u00e9n, pero lo m\u00e1s importante es que siempre se tuvo actitud y ganas de solucionar el tr\u00e1mite y dar respuesta a la gente. Eso es lo que nos pone muy contentos a todo el equipo de UDAI Goya\u201d, resalt\u00f3 Lisandro Paleari.<\/div>\n<div><\/div>\n<div>El actual funcionario, distinto a lo ocurr\u00eda en transiciones anteriores donde el jefe dejaba sus funciones una vez que asum\u00eda un nuevo gerente, cumplir\u00e1 su rol hasta el 10 de diciembre, momento en el cual dejar\u00e1 su cargo.<\/div>\n<div><\/div>\n<div>En declaraciones a la prensa, y en un breve balance, Paleari record\u00f3 que asumi\u00f3 sus funciones en mayo del 2020, plena pandemia del COVID 19, y que su primer a\u00f1o de gesti\u00f3n \u201ctranscurri\u00f3 enteramente en pandemia con atenci\u00f3n virtual en los primeros meses\u201d. Al tiempo que destac\u00f3 que en ese contexto \u201cla oficina ANSES de Goya fue la primera en abrir en toda la provincia, con los cuidados pertinentes\u201d.<\/div>\n<div><\/div>\n<div><b>OPERATIVOS EN MUNICIPIOS Y ZONA RURAL<\/b><\/div>\n<div><\/div>\n<div>Despu\u00e9s, cuando la situaci\u00f3n lo permiti\u00f3, llegaron los operativos en toda la jurisdicci\u00f3n de la UDAI (Unidad De Atenci\u00f3n Integral) Goya. \u201cFueron m\u00e1s de 380 operativos en: 1ra, 2da y 3era secci\u00f3n de Goya, y en los municipios de San Isidro, Carolina, Lavalle, Santa Luc\u00eda, Yatay ti Calle, Gobernador Mart\u00ednez, Cruz de los Milagros, Mantilla, 9 de Julio, San Roque, Bella Vista, Colonia 3 de Abril, Pueblo Libertador y Esquina, entre otros, atendiendo a cientos de personas en cada lugar\u201d, apunt\u00f3 el funcionario.<\/div>\n<div><\/div>\n<div>Indic\u00f3 que se hacen cada semana, en las distintas localidades, atendiendo de manera presencial a la gente que no se puede acercar a Goya. Y en la mayor\u00eda de las veces, en forma mancomunada entre ANSES, PAMI, Desarrollo Social y otros organismos nacionales.<\/div>\n<div><\/div>\n<div><b>OFICINA EN ESQUINA<\/b><\/div>\n<div><\/div>\n<div>Celebr\u00f3 el avance de la oficina de Esquina donde hab\u00eda un \u201cPunto Fijo\u201d de ANSES con una persona a cargo y eso, \u201cdesde marzo del 2021 comenz\u00f3 a transformarse sumando actividades y hoy es una oficina con equipo inform\u00e1tico y todas las herramientas pr\u00e1cticamente igual que lo que hay en la UDAI Goya para realizar todos los tr\u00e1mites. Es un alivio grande para todos los esquinenses poder realizar sus tr\u00e1mites en su ciudad sin tener que trasladarse a Goya\u201d, hizo notar Paleari.<\/div>\n<div><\/div>\n<div>Otro logro apuntado por el titular de la UDAI Goya fueron \u201clos arreglos internos del edificio y pintura en la fachada en la oficina\u201d y en el equipamiento que permiti\u00f3 concretar \u201cmuch\u00edsimos tramites jubilatorios: por tareas de cuidado y nueva moratoria previsional. En todos estos a\u00f1os se hicieron pr\u00e1cticamente la misma cantidad de tr\u00e1mites de atenci\u00f3n virtual que presenciales. Entre 300 y 350 por d\u00eda\u201d, subray\u00f3.<\/div>\n<div><\/div>\n<div>Resalt\u00f3 asimismo el trabajo en conjunto con Centros de Jubilados, Ex Combatientes de Malvinas, instituciones estudiantiles y comisiones vecinales y presidentes de barrios de los cinco departamentos de la UDAI (adem\u00e1s de Goya, Esquina, Lavalle, Bella Vista y San Roque).<\/div>\n<div><\/div>\n<div><b>\u201cVALIOSO PERSONAL\u201d<\/b><\/div>\n<div><\/div>\n<div>Dejo en claro que, \u201cnada de todo lo que se hizo hubiera sido posible sin el aporte insustituible del personal\u201d de ANSES. \u201cDesde el momento que me hice cargo manifest\u00e9 que lo m\u00e1s valioso que tiene la oficina de Goya es el personal, muy capacitado y con muchas ganas de trabajar y de atender todos los d\u00edas a much\u00edsima gente\u201d, enfatiz\u00f3.<\/div>\n<div><\/div>\n<div>\u201cFueron m\u00e1s de tres a\u00f1os y medio de intensa actividad en la que buscamos siempre estar presentes en toda la jurisdicci\u00f3n de la UDAI Goya de ANSES, estar m\u00e1s cerca de los beneficiarios, poder gestionar sus tr\u00e1mites lo m\u00e1s r\u00e1pido posible y dar respuestas a la gente\u201d, sostuvo el joven funcionario.<\/div>\n<div><\/div>\n<div>Finalmente hizo un reconocimiento a su partido pol\u00edtico (PJ) y al gobierno nacional \u201cpor confiar en mi para el desempe\u00f1o de este importante cargo. Aprend\u00ed mucho junto a compa\u00f1eros de mucha experiencia y en el trabajo d\u00eda a d\u00eda con la gente. Y eso agradezco infinitamente. Y tambi\u00e9n a mi familia que me apoy\u00f3 siempre\u201d, remarc\u00f3 Lisando Paleari.-<\/div>\n","protected":false},"excerpt":{"rendered":"<p>El actual funcionario cumplir\u00e1 su rol hasta el 10 de diciembre, momento en el cual dejar\u00e1 su cargo. \u201cFueron m\u00e1s de tres a\u00f1os y medio de intensa actividad en la que buscamos siempre estar presentes en toda la jurisdicci\u00f3n de la UDAI Goya de ANSES, estar m\u00e1s cerca de los beneficiarios, poder gestionar sus tr\u00e1mites [&hellip;]<\/p>\n","protected":false},"author":2,"featured_media":21346,"comment_status":"closed","ping_status":"closed","sticky":false,"template":"","format":"standard","meta":{"footnotes":""},"categories":[56],"tags":[],"class_list":["post-21345","post","type-post","status-publish","format-standard","has-post-thumbnail","hentry","category-locales"],"_links":{"self":[{"href":"https:\/\/radiosurfm.com\/web\/wp-json\/wp\/v2\/posts\/21345","targetHints":{"allow":["GET"]}}],"collection":[{"href":"https:\/\/radiosurfm.com\/web\/wp-json\/wp\/v2\/posts"}],"about":[{"href":"https:\/\/radiosurfm.com\/web\/wp-json\/wp\/v2\/types\/post"}],"author":[{"embeddable":true,"href":"https:\/\/radiosurfm.com\/web\/wp-json\/wp\/v2\/users\/2"}],"replies":[{"embeddable":true,"href":"https:\/\/radiosurfm.com\/web\/wp-json\/wp\/v2\/comments?post=21345"}],"version-history":[{"count":0,"href":"https:\/\/radiosurfm.com\/web\/wp-json\/wp\/v2\/posts\/21345\/revisions"}],"wp:featuredmedia":[{"embeddable":true,"href":"https:\/\/radiosurfm.com\/web\/wp-json\/wp\/v2\/media\/21346"}],"wp:attachment":[{"href":"https:\/\/radiosurfm.com\/web\/wp-json\/wp\/v2\/media?parent=21345"}],"wp:term":[{"taxonomy":"category","embeddable":true,"href":"https:\/\/radiosurfm.com\/web\/wp-json\/wp\/v2\/categories?post=21345"},{"taxonomy":"post_tag","embeddable":true,"href":"https:\/\/radiosurfm.com\/web\/wp-json\/wp\/v2\/tags?post=21345"}],"curies":[{"name":"wp","href":"https:\/\/api.w.org\/{rel}","templated":true}]}}