{"id":21348,"date":"2023-12-06T18:29:23","date_gmt":"2023-12-06T21:29:23","guid":{"rendered":"https:\/\/radiosurfm.com\/web\/?p=21348"},"modified":"2023-12-06T18:29:23","modified_gmt":"2023-12-06T21:29:23","slug":"el-doctor-luis-eduardo-rey-vazquez-fue-reelecto-por-sexta-vez-como-presidente-del-stj","status":"publish","type":"post","link":"https:\/\/radiosurfm.com\/web\/2023\/12\/06\/el-doctor-luis-eduardo-rey-vazquez-fue-reelecto-por-sexta-vez-como-presidente-del-stj\/","title":{"rendered":"El doctor Luis Eduardo Rey V\u00e1zquez fue reelecto por sexta vez como presidente del STJ"},"content":{"rendered":"<p>El orden de subrogaci\u00f3n se mantiene como en el 2023. El subrogante en primer t\u00e9rmino ser\u00e1 el doctor Eduardo Panseri; en segundo t\u00e9rmino el doctor Fernando Augusto Niz; en tercer t\u00e9rmino el doctor Guillermo Horacio Semhan; y en cuarto t\u00e9rmino, el doctor Alejandro Alberto Chain.<\/p>\n<p>La decisi\u00f3n fue tomada hoy, por mayor\u00eda, en el marco del Acuerdo Extraordinario N\u00ba 12\/23, y se efectivizar\u00e1 tras la feria judicial. Adem\u00e1s de los ministros estuvieron presentes el Fiscal General, doctor C\u00e9sar Pedro Sotelo y el Secretario Administrativo, doctor Guillermo Casaro Lodoli.<\/p>\n<p>El doctor Luis Eduardo Rey V\u00e1zquez asumi\u00f3 como ministro en el a\u00f1o 2015 y desde el 2019 es presidente del cuerpo.<\/p>\n<p>Balance de gesti\u00f3n 2023<\/p>\n<p>Antes de la votaci\u00f3n los ministros realizaron un intercambio de ideas haciendo un balance de toda la gesti\u00f3n de gobierno del Poder Judicial Provincial durante el a\u00f1o 2023.<\/p>\n<p>Se hizo un an\u00e1lisis respecto de la implementaci\u00f3n del nuevo C\u00f3digo Procesal Penal en toda la Provincia de Corrientes, sobre los logros y objetivos alcanzados, los ajustes, necesidades para seguir fortaleciendo y mejorando el funcionamiento de las oficinas judiciales en toda la Provincia, como as\u00ed tambi\u00e9n de cada una de las unidades dependientes del Ministerio P\u00fablico.<\/p>\n<p>Para poder realizar toda esta tarea, se sigui\u00f3 trabajando de acuerdo a la planificaci\u00f3n de inversiones y de recursos, estableci\u00e9ndose prioridades de gastos, en un marco de razonabilidad, respet\u00e1ndose siempre las pol\u00edticas p\u00fablicas y l\u00edneas de gobierno del Superior Tribunal de Justicia. Se record\u00f3 que los tribunales y dependencias con competencia penal, contin\u00faan trabajando en la aplicaci\u00f3n del \u201cReglamento de Sistema Conclusivo de causas penales\u201d, que contempla un mecanismo para la transici\u00f3n, con pautas y directrices para la finalizaci\u00f3n de las causas judiciales que fueron iniciadas con el C\u00f3digo anterior. Respecto de la puesta en marcha de los nuevos C\u00f3digos: Procesal Civil y Comercial; Procesal de Familia, Ni\u00f1ez y Adolescencia y Procesal Administrativo, se enfatiz\u00f3 en las adaptaciones realizadas al sistema de gesti\u00f3n, las refuncionalizaciones edilicias, compras de equipamientos de audio, video y tecnol\u00f3gicos necesarios para las salas de audiencias habilitadas en toda la Provincia y recambios necesarios, como as\u00ed tambi\u00e9n de las c\u00e1maras especializadas de entrevistas, resalt\u00e1ndose el trabajo de los talleres de capacitaci\u00f3n para seguir mejorando y unificando los criterios de la actividad, como as\u00ed tambi\u00e9n sobre herramientas de gesti\u00f3n y liderazgo.<\/p>\n<p>Proyectos para el 2024<\/p>\n<p>Los Ministros se\u00f1alaron la importancia de continuar trabajando y mejorando cada uno de los ejes de los objetivos estrat\u00e9gicos, principalmente en:<\/p>\n<p>Gesti\u00f3n Judicial: seguir propiciando una gesti\u00f3n judicial con eficiencia, calidad y transparencia; mejorar y facilitar el acceso a justicia, principalmente para aquellas personas en condiciones de vulnerabilidad, mejorar los tiempos de respuesta jurisdiccional, a fin de fortalecer la credibilidad en el sistema de justicia.<\/p>\n<p>Recursos Humanos: mejorar la administraci\u00f3n de los recursos humanos y la eficiencia del proceso de selecci\u00f3n; continuando con la capacitaci\u00f3n del personal en las diferentes funciones judiciales para lograr alcanzar sus competencias laborales, promoviendo un cambio de cultura institucional orientada a la mejora y profesionalizaci\u00f3n del servicio, haciendo comprender la importancia del trabajo en equipo y tratando de brindar bienestar laboral al agente judicial. Asimismo, es importante seguir trabajando en la efectiva incorporaci\u00f3n laboral de las Personas con discapacidad, con programas de sensibilizaci\u00f3n y capacitaci\u00f3n, en cooperaci\u00f3n con los Institutos especializados.<\/p>\n<p>Comunicaci\u00f3n Judicial: fortalecer la comunicaci\u00f3n externa para permitir una relaci\u00f3n adecuada con la sociedad, a trav\u00e9s de las reglas del lenguaje claro, mejorar los servicios de informaci\u00f3n del Poder Judicial orientados al usuario, simplificando los canales de comunicaci\u00f3n. En materia de Tecnolog\u00edas: Trabajar y apoyar para que a la brevedad sean una realidad los sistemas de gesti\u00f3n jurisdiccional y administrativo de desarrollo propio, usando la tecnolog\u00eda para la mejora y medici\u00f3n de la gesti\u00f3n, con base en el expediente electr\u00f3nico y digitalizaci\u00f3n de todos los procesos e impulsando todas las medidas necesarias para la progresiva despapelizaci\u00f3n de toda la actividad judicial.<\/p>\n<p>Infraestructura Edilicia: Dotar de funcionalidad a los edificios y la disposici\u00f3n de las oficinas, con accesibilidad, contemplando las distintas necesidades de acuerdo a los nuevos roles de los actores del sistema frente a los nuevos C\u00f3digos Procesales y el proceso de oralizaci\u00f3n, siguiendo con las prioridades y planificaci\u00f3n de la puesta en funcionamiento de los nuevos Tribunales y Oficinas judiciales conforme al plan de obra planificado para toda la Provincia, como as\u00ed tambi\u00e9n las refacciones y construcci\u00f3n de nuevos edificios.<\/p>\n<p>Coincidencias en los planes de trabajo<\/p>\n<p>Tanto los ministros como el Fiscal General coincidieron en que el a\u00f1o 2024 ser\u00e1 un a\u00f1o dif\u00edcil por la situaci\u00f3n econ\u00f3mica del pa\u00eds y el cambio de gobierno a nivel nacional, por lo que entienden que se deber\u00e1 trabajar con un plan de racionalizaci\u00f3n de gastos, revisar y ajustar cada una de las partidas presupuestarias que no resulten indispensables, debiendo priorizarse los proyectos y necesidades de conformidad a los recursos que le corresponden al Poder Judicial de la Provincia de Corrientes.<\/p>\n","protected":false},"excerpt":{"rendered":"<p>El orden de subrogaci\u00f3n se mantiene como en el 2023. El subrogante en primer t\u00e9rmino ser\u00e1 el doctor Eduardo Panseri; en segundo t\u00e9rmino el doctor Fernando Augusto Niz; en tercer t\u00e9rmino el doctor Guillermo Horacio Semhan; y en cuarto t\u00e9rmino, el doctor Alejandro Alberto Chain. La decisi\u00f3n fue tomada hoy, por mayor\u00eda, en el marco [&hellip;]<\/p>\n","protected":false},"author":2,"featured_media":21349,"comment_status":"closed","ping_status":"closed","sticky":false,"template":"","format":"standard","meta":{"footnotes":""},"categories":[72],"tags":[],"class_list":["post-21348","post","type-post","status-publish","format-standard","has-post-thumbnail","hentry","category-provinciales"],"_links":{"self":[{"href":"https:\/\/radiosurfm.com\/web\/wp-json\/wp\/v2\/posts\/21348","targetHints":{"allow":["GET"]}}],"collection":[{"href":"https:\/\/radiosurfm.com\/web\/wp-json\/wp\/v2\/posts"}],"about":[{"href":"https:\/\/radiosurfm.com\/web\/wp-json\/wp\/v2\/types\/post"}],"author":[{"embeddable":true,"href":"https:\/\/radiosurfm.com\/web\/wp-json\/wp\/v2\/users\/2"}],"replies":[{"embeddable":true,"href":"https:\/\/radiosurfm.com\/web\/wp-json\/wp\/v2\/comments?post=21348"}],"version-history":[{"count":0,"href":"https:\/\/radiosurfm.com\/web\/wp-json\/wp\/v2\/posts\/21348\/revisions"}],"wp:featuredmedia":[{"embeddable":true,"href":"https:\/\/radiosurfm.com\/web\/wp-json\/wp\/v2\/media\/21349"}],"wp:attachment":[{"href":"https:\/\/radiosurfm.com\/web\/wp-json\/wp\/v2\/media?parent=21348"}],"wp:term":[{"taxonomy":"category","embeddable":true,"href":"https:\/\/radiosurfm.com\/web\/wp-json\/wp\/v2\/categories?post=21348"},{"taxonomy":"post_tag","embeddable":true,"href":"https:\/\/radiosurfm.com\/web\/wp-json\/wp\/v2\/tags?post=21348"}],"curies":[{"name":"wp","href":"https:\/\/api.w.org\/{rel}","templated":true}]}}