{"id":21468,"date":"2023-12-12T18:05:47","date_gmt":"2023-12-12T21:05:47","guid":{"rendered":"https:\/\/radiosurfm.com\/web\/?p=21468"},"modified":"2023-12-12T18:05:47","modified_gmt":"2023-12-12T21:05:47","slug":"concejales-analizaron-con-funcionarias-de-la-secretaria-de-hacienda-los-proyectos-de-presupuesto-municipal-y-tarifaria-2024","status":"publish","type":"post","link":"https:\/\/radiosurfm.com\/web\/2023\/12\/12\/concejales-analizaron-con-funcionarias-de-la-secretaria-de-hacienda-los-proyectos-de-presupuesto-municipal-y-tarifaria-2024\/","title":{"rendered":"Concejales analizaron con funcionarias de la Secretar\u00eda de Hacienda los proyectos de Presupuesto Municipal y Tarifaria 2024"},"content":{"rendered":"<p><span class=\"intro\">Ambas iniciativas ya fueron aprobadas en primera lectura. Y el Cuerpo, tal como establece la Carta Org\u00e1nica volver\u00e1 a tratarlas, este mi\u00e9rcoles 13, a las 10, en sesi\u00f3n extraordinaria. La Subsecretaria de Econom\u00eda, Contabilidad y Presupuesto, Ludmila Vargas Viola junto a la Subsecretaria de Ingresos P\u00fablicos, Gabriela L\u00f3pez, expusieron ante los concejales sobre la situaci\u00f3n econ\u00f3mica actual del Municipio y el panorama que se presenta con la asunci\u00f3n del nuevo gobierno nacional.<\/span><\/p>\n<p><span class=\"cuerpo\">En el encuentro, desarrollado en el sal\u00f3n de sesiones del HCD, tomaron parte los concejales Sebasti\u00e1n Mazzaro, Vivian Merlo, Karina Esquen\u00f3n, Gabriela Refojos, Juan Domingo Gonz\u00e1lez, Marcelo Frattini, Lorena P\u00e9rez Carballo y Leandro Montti.<\/p>\n<p>Tambi\u00e9n, por primera vez, lo hicieron los nuevos ediles que pasaron a formar parte del Cuerpo Legislativo a partir de este 10 de diciembre: Susana Quiroz, Antonio Mazzaro, Jos\u00e9 Novello, Cecilia Gortari y Guillermo C\u00f3rdoba.<\/p>\n<p>En representaci\u00f3n del equipo de la Secretar\u00eda de Hacienda y Econom\u00eda concurrieron la Subsecretaria de Econom\u00eda, Contabilidad y Presupuesto, Ludmila Vargas Viola y la Subsecretaria de Ingresos P\u00fablicos, Gabriela L\u00f3pez.<\/p>\n<p>Exposiciones<\/p>\n<p>En la sesi\u00f3n del 15 de noviembre pasado, el Concejo Deliberante de Goya, aprob\u00f3 por mayor\u00eda, en primera lectura y con la abstenci\u00f3n de la oposici\u00f3n, los proyectos de Ordenanza de \u201cPresupuesto Anual de Recursos, Gastos y Plan de Obras Municipal correspondiente al a\u00f1o 2024\u201d, que asciende a $15.352.182.507,13 y el de \u201cModificaci\u00f3n Valores Tarifarios\u201d.<\/p>\n<p>Despu\u00e9s, y tal como establece la Carta Org\u00e1nica Municipal, se llev\u00f3 a cabo la Audiencia P\u00fablica donde se escuch\u00f3 la voz de instituciones y vecinos sobre ambas iniciativas que este mi\u00e9rcoles 13, a las 10, en sesiones extraordinarias, se tratar\u00e1n nuevamente en segunda lectura.<\/p>\n<p>\u201cEl panorama va a cambiar totalmente si no hay emisi\u00f3n como se anticipa. Y el ajuste del estado va a repercutir en los municipios, porque es el eslab\u00f3n m\u00e1s d\u00e9bil. Tenemos muchas menos herramientas que Naci\u00f3n y que Provincia\u201d, reconoci\u00f3 la Subsecretaria Ludmila Vargas Viola, en su exposici\u00f3n respecto de las consecuencias del ajuste en la econom\u00eda nacional tal como anuncio en su discurso de asunci\u00f3n el nuevo presidente de Argentina Javier Milei.<\/p>\n<p>Se\u00f1al\u00f3 que la ca\u00edda del IVA y la eliminaci\u00f3n del Impuesto a las Ganancias (Cuarta categor\u00eda- no se cobra m\u00e1s a los trabajadores) \u201cnos pega de lleno. Somos el eslab\u00f3n m\u00e1s fr\u00e1gil en esta cadena\u201d, afirm\u00f3 y acot\u00f3 que por los cambios en ambos tributos los ingresos por coparticipaci\u00f3n federal al municipio de Goya ya tuvieron mermas en los meses de Octubre y Noviembre \u00faltimos.<\/p>\n<p>\u201cEse 140 % de actualizaci\u00f3n -que se estableci\u00f3 en tasas e impuestos para 2024- va a quedar en poco tiempo desactualizado\u201d, remarc\u00f3 Vargas Viola teniendo en cuenta la muy alta inflaci\u00f3n que se anuncia para diciembre, enero y febrero de 2024.<\/p>\n<p>EL AJUSTE QUE VIENE<\/p>\n<p>Ante este panorama nacional, los ediles de la oposici\u00f3n preguntaron a las funcionarias si el Municipio iba a implementar alg\u00fan ajuste.<\/p>\n<p>\u201cEste proceso nos va a tener mas encima de los gastos, habr\u00e1 mayor control\u201d, respondi\u00f3 la licenciada Vargas Viola. Y advirti\u00f3 que en 2024 \u201cva a impactar de pleno el recorte del Impuesto a las Ganancias para la 4ta categor\u00eda\u201d.<\/p>\n<p>En cuanto a si se iba a rever el valor de la Tasa de Habilitaci\u00f3n de comercio, dijo que las Tasas van a quedar \u201cpor debajo de lo presupuestado\u201d con la inflaci\u00f3n que se prev\u00e9 para noviembre, diciembre y los primeros meses del 2024.<\/p>\n<p>La Subsecretar\u00eda de Ingresos P\u00fablicos, Gabriela L\u00f3pez, en tanto, anuncio que el Impuesto Inmobiliario que se pagaba en 4 cuotas desde el 2024 se va a pagar en 12 cuotas.<\/p>\n<p>PLAN DE PAGOS SI-MORATORIA NO<\/p>\n<p>\u201cLos descuentos se van a mantener. Moratoria no habr\u00e1. Prefer\u00edamos construir cultura tributaria, queremos seguir premiando al que paga, al que contribuye, ese el esp\u00edritu de esta administraci\u00f3n\u201d, dejo en claro en otro tramo de su alocuci\u00f3n la Subsecretaria Vargas Viola.<\/p>\n<p>Explic\u00f3 que se pueden armar \u201cplanes de pagos\u201d, a los que se le hacen quita de intereses. \u201cPero no vamos a salir a rifar nuestra base tributaria\u201d, afirm\u00f3 resaltando que gracias a ese trabajo \u201cvenimos creciendo en recaudaci\u00f3n propia desde hace unos a\u00f1os. Los recursos propios representan el 35 % de los recursos totales\u201d, ponder\u00f3 la funcionaria.<\/p>\n<p>Los ediles evacuaron otras dudas con las funcionarias y les agradecieron sus explicaciones.<br \/>\nCon vistas a la sesi\u00f3n del mi\u00e9rcoles<br \/>\nConcejales analizaron con funcionarias de la Secretar\u00eda de Hacienda los proyectos de Presupuesto Municipal y Tarifaria 2024<\/span><\/p>\n","protected":false},"excerpt":{"rendered":"<p>Ambas iniciativas ya fueron aprobadas en primera lectura. Y el Cuerpo, tal como establece la Carta Org\u00e1nica volver\u00e1 a tratarlas, este mi\u00e9rcoles 13, a las 10, en sesi\u00f3n extraordinaria. La Subsecretaria de Econom\u00eda, Contabilidad y Presupuesto, Ludmila Vargas Viola junto a la Subsecretaria de Ingresos P\u00fablicos, Gabriela L\u00f3pez, expusieron ante los concejales sobre la situaci\u00f3n [&hellip;]<\/p>\n","protected":false},"author":2,"featured_media":21469,"comment_status":"closed","ping_status":"closed","sticky":false,"template":"","format":"standard","meta":{"footnotes":""},"categories":[65,56],"tags":[],"class_list":["post-21468","post","type-post","status-publish","format-standard","has-post-thumbnail","hentry","category-economia","category-locales"],"_links":{"self":[{"href":"https:\/\/radiosurfm.com\/web\/wp-json\/wp\/v2\/posts\/21468","targetHints":{"allow":["GET"]}}],"collection":[{"href":"https:\/\/radiosurfm.com\/web\/wp-json\/wp\/v2\/posts"}],"about":[{"href":"https:\/\/radiosurfm.com\/web\/wp-json\/wp\/v2\/types\/post"}],"author":[{"embeddable":true,"href":"https:\/\/radiosurfm.com\/web\/wp-json\/wp\/v2\/users\/2"}],"replies":[{"embeddable":true,"href":"https:\/\/radiosurfm.com\/web\/wp-json\/wp\/v2\/comments?post=21468"}],"version-history":[{"count":0,"href":"https:\/\/radiosurfm.com\/web\/wp-json\/wp\/v2\/posts\/21468\/revisions"}],"wp:featuredmedia":[{"embeddable":true,"href":"https:\/\/radiosurfm.com\/web\/wp-json\/wp\/v2\/media\/21469"}],"wp:attachment":[{"href":"https:\/\/radiosurfm.com\/web\/wp-json\/wp\/v2\/media?parent=21468"}],"wp:term":[{"taxonomy":"category","embeddable":true,"href":"https:\/\/radiosurfm.com\/web\/wp-json\/wp\/v2\/categories?post=21468"},{"taxonomy":"post_tag","embeddable":true,"href":"https:\/\/radiosurfm.com\/web\/wp-json\/wp\/v2\/tags?post=21468"}],"curies":[{"name":"wp","href":"https:\/\/api.w.org\/{rel}","templated":true}]}}