{"id":21602,"date":"2023-12-15T18:17:37","date_gmt":"2023-12-15T21:17:37","guid":{"rendered":"https:\/\/radiosurfm.com\/web\/?p=21602"},"modified":"2023-12-15T18:17:37","modified_gmt":"2023-12-15T21:17:37","slug":"cual-es-la-pelicula-que-grabaron-en-corrientes-y-que-esta-disponible-en-netflix","status":"publish","type":"post","link":"https:\/\/radiosurfm.com\/web\/2023\/12\/15\/cual-es-la-pelicula-que-grabaron-en-corrientes-y-que-esta-disponible-en-netflix\/","title":{"rendered":"Cu\u00e1l es la pel\u00edcula que grabaron en Corrientes y que est\u00e1 disponible en Netflix"},"content":{"rendered":"<p>La pel\u00edcula\u00a0<em>Zama<\/em>, de la directora salte\u00f1a Lucrecia Martel, fue cargada esta semana a la plataforma Netflix. Se film\u00f3 en el 2015 en las localidades de Derqui y Empedrado,\u00a0Corrientes.<\/p>\n<p>&#8220;Delante y detr\u00e1s de c\u00e1mara trabaj\u00f3 gente de Corrientes, Empedrado y Derqui, colaboradores, t\u00e9cnicos\/as, extras y personajes secundarios, dentro de un equipo gigante. La pel\u00edcula se film\u00f3 en 2015 con mucho presupuesto y antes de la llegada de las plataformas (para ver pel\u00edculas)&#8221;, explic\u00f3 a El Litoral el jefe de locaciones de la pel\u00edcula\u00a0<em>Zama\u00a0<\/em>en Corrientes, Sebasti\u00e1n Toba.<\/p>\n<p>Adem\u00e1s, otras escenas se grabaron en\u00a0Chascom\u00fas, Buenos Aires, en Formosa Capital y Fort\u00edn La Soledad, en torno al Ba\u00f1ado La Estrella.<\/p>\n<p>&#8220;Las locaciones de Corrientes se eligieron porque la regi\u00f3n tiene que ver con esa historia. Adem\u00e1s, se hizo posible gracias a un mont\u00f3n de gente de la zona que ayud\u00f3 a construir un puerto de 1795 para lograr una pel\u00edcula de escala internacional. Es la microeconom\u00eda que provoca la producci\u00f3n de cine en un lugar particular&#8221;, agreg\u00f3 Toba.<\/p>\n<p><em>Zama\u00a0<\/em>cuenta la historia de un funcionario de la Corona espa\u00f1ola que espera, durante much\u00edsimos a\u00f1os, ser reconocido por sus m\u00e9ritos. La pel\u00edcula es una adaptaci\u00f3n de la novela de Antonio Di Benedetto.<\/p>\n<p>&#8220;La pel\u00edcula se estren\u00f3 en 2017 y acompa\u00f1\u00e9 en 2018 a la directora en la gira del estreno de la pel\u00edcula en Madrid, Espa\u00f1a, y en Holanda&#8221;, se\u00f1al\u00f3 el productor correntino.<\/p>\n<p>&#8220;Al comienzo del libro (en el que est\u00e1 basada la historia de esta pel\u00edcula),\u00a0Antonio Di Bennedetto dedica la obra a las v\u00edctimas de la espera. Bajo esa premisa,\u00a0<strong>la pel\u00edcula tiene un ritmo lento para lo que hoy es el consumo general de audiovisuales<\/strong>.\u00a0<em>Zama\u00a0<\/em>invita a tener paciencia, a saber apreciar la imagen, el sonido, el laburo impresionante de vestuario,\u00a0arte y maquillaje, fotograf\u00eda&#8221;, enfatiz\u00f3 el productor de cine.<\/p>\n<p>De acuerdo con Toba, Lucrecia es una directora que se caracteriza por sus construcciones sonoras del espacio, del tiempo y de las escenas. &#8220;En un mundo donde todo es inmediato y todo es impacto, esta pel\u00edcula propone todo lo contrario; es\u00a0un cine y una narraci\u00f3n que necesita tiempo&#8221;, subray\u00f3.<\/p>\n<p>&#8220;<strong>Habla de un perdedor, de un marginal dentro de un mundo elitista y lleno de poder: Diego de Zama<\/strong>&#8220;, concluy\u00f3 Toba.<\/p>\n","protected":false},"excerpt":{"rendered":"<p>La pel\u00edcula\u00a0Zama, de la directora salte\u00f1a Lucrecia Martel, fue cargada esta semana a la plataforma Netflix. Se film\u00f3 en el 2015 en las localidades de Derqui y Empedrado,\u00a0Corrientes. &#8220;Delante y detr\u00e1s de c\u00e1mara trabaj\u00f3 gente de Corrientes, Empedrado y Derqui, colaboradores, t\u00e9cnicos\/as, extras y personajes secundarios, dentro de un equipo gigante. La pel\u00edcula se film\u00f3 [&hellip;]<\/p>\n","protected":false},"author":2,"featured_media":21603,"comment_status":"closed","ping_status":"closed","sticky":false,"template":"","format":"standard","meta":{"footnotes":""},"categories":[67,72],"tags":[],"class_list":["post-21602","post","type-post","status-publish","format-standard","has-post-thumbnail","hentry","category-cultura","category-provinciales"],"_links":{"self":[{"href":"https:\/\/radiosurfm.com\/web\/wp-json\/wp\/v2\/posts\/21602","targetHints":{"allow":["GET"]}}],"collection":[{"href":"https:\/\/radiosurfm.com\/web\/wp-json\/wp\/v2\/posts"}],"about":[{"href":"https:\/\/radiosurfm.com\/web\/wp-json\/wp\/v2\/types\/post"}],"author":[{"embeddable":true,"href":"https:\/\/radiosurfm.com\/web\/wp-json\/wp\/v2\/users\/2"}],"replies":[{"embeddable":true,"href":"https:\/\/radiosurfm.com\/web\/wp-json\/wp\/v2\/comments?post=21602"}],"version-history":[{"count":0,"href":"https:\/\/radiosurfm.com\/web\/wp-json\/wp\/v2\/posts\/21602\/revisions"}],"wp:featuredmedia":[{"embeddable":true,"href":"https:\/\/radiosurfm.com\/web\/wp-json\/wp\/v2\/media\/21603"}],"wp:attachment":[{"href":"https:\/\/radiosurfm.com\/web\/wp-json\/wp\/v2\/media?parent=21602"}],"wp:term":[{"taxonomy":"category","embeddable":true,"href":"https:\/\/radiosurfm.com\/web\/wp-json\/wp\/v2\/categories?post=21602"},{"taxonomy":"post_tag","embeddable":true,"href":"https:\/\/radiosurfm.com\/web\/wp-json\/wp\/v2\/tags?post=21602"}],"curies":[{"name":"wp","href":"https:\/\/api.w.org\/{rel}","templated":true}]}}