{"id":21624,"date":"2023-12-15T18:46:46","date_gmt":"2023-12-15T21:46:46","guid":{"rendered":"https:\/\/radiosurfm.com\/web\/?p=21624"},"modified":"2023-12-15T18:46:46","modified_gmt":"2023-12-15T21:46:46","slug":"pasa-para-el-jueves-21-y-viernes-22-reprogramacion-de-la-feria-artesanal-navidena","status":"publish","type":"post","link":"https:\/\/radiosurfm.com\/web\/2023\/12\/15\/pasa-para-el-jueves-21-y-viernes-22-reprogramacion-de-la-feria-artesanal-navidena\/","title":{"rendered":"Pasa para el Jueves 21 y Viernes 22: reprogramaci\u00f3n de la Feria Artesanal Navide\u00f1a"},"content":{"rendered":"<p>La Direcci\u00f3n de Cultura de la Municipalidad de Goya informa que la Feria Artesanal Navide\u00f1a, originalmente a realizarse este fin de semana, se reprograma para el pr\u00f3ximo jueves 21 y viernes 22 de diciembre.<\/p>\n<p>En este evento que tendr\u00e1 lugar en la Casa de la Cultura, se dar\u00e1n cita 26 talentosos artesanos de la ciudad y el campo, quienes exhibir\u00e1n sus creaciones \u00fanicas, brindando a los asistentes la oportunidad de encontrar regalos originales y especiales para estas fiestas.<\/p>\n<p>La Feria Navide\u00f1a no solo ser\u00e1 un espacio para la exhibici\u00f3n y venta de artesan\u00edas, sino que tambi\u00e9n contar\u00e1 con un programa diverso de actividades para toda la familia. Habr\u00e1 shows en vivo que animar\u00e1n el ambiente festivo, la presencia de la figura de &#8220;Pap\u00e1 Noel&#8221; para alegr\u00eda de los m\u00e1s peque\u00f1os, y la disponibilidad de servicios de cantina para satisfacer los gustos culinarios de los visitantes.<\/p>\n","protected":false},"excerpt":{"rendered":"<p>La Direcci\u00f3n de Cultura de la Municipalidad de Goya informa que la Feria Artesanal Navide\u00f1a, originalmente a realizarse este fin de semana, se reprograma para el pr\u00f3ximo jueves 21 y viernes 22 de diciembre. En este evento que tendr\u00e1 lugar en la Casa de la Cultura, se dar\u00e1n cita 26 talentosos artesanos de la ciudad [&hellip;]<\/p>\n","protected":false},"author":2,"featured_media":21625,"comment_status":"closed","ping_status":"closed","sticky":false,"template":"","format":"standard","meta":{"footnotes":""},"categories":[67,56],"tags":[],"class_list":["post-21624","post","type-post","status-publish","format-standard","has-post-thumbnail","hentry","category-cultura","category-locales"],"_links":{"self":[{"href":"https:\/\/radiosurfm.com\/web\/wp-json\/wp\/v2\/posts\/21624","targetHints":{"allow":["GET"]}}],"collection":[{"href":"https:\/\/radiosurfm.com\/web\/wp-json\/wp\/v2\/posts"}],"about":[{"href":"https:\/\/radiosurfm.com\/web\/wp-json\/wp\/v2\/types\/post"}],"author":[{"embeddable":true,"href":"https:\/\/radiosurfm.com\/web\/wp-json\/wp\/v2\/users\/2"}],"replies":[{"embeddable":true,"href":"https:\/\/radiosurfm.com\/web\/wp-json\/wp\/v2\/comments?post=21624"}],"version-history":[{"count":0,"href":"https:\/\/radiosurfm.com\/web\/wp-json\/wp\/v2\/posts\/21624\/revisions"}],"wp:featuredmedia":[{"embeddable":true,"href":"https:\/\/radiosurfm.com\/web\/wp-json\/wp\/v2\/media\/21625"}],"wp:attachment":[{"href":"https:\/\/radiosurfm.com\/web\/wp-json\/wp\/v2\/media?parent=21624"}],"wp:term":[{"taxonomy":"category","embeddable":true,"href":"https:\/\/radiosurfm.com\/web\/wp-json\/wp\/v2\/categories?post=21624"},{"taxonomy":"post_tag","embeddable":true,"href":"https:\/\/radiosurfm.com\/web\/wp-json\/wp\/v2\/tags?post=21624"}],"curies":[{"name":"wp","href":"https:\/\/api.w.org\/{rel}","templated":true}]}}