{"id":21687,"date":"2023-12-21T17:27:17","date_gmt":"2023-12-21T20:27:17","guid":{"rendered":"https:\/\/radiosurfm.com\/web\/?p=21687"},"modified":"2023-12-21T17:27:17","modified_gmt":"2023-12-21T20:27:17","slug":"el-partido-justicialista-y-union-por-la-patria-se-expresaron-en-contra-del-dnu-y-lo-consideraron-inconstitucional","status":"publish","type":"post","link":"https:\/\/radiosurfm.com\/web\/2023\/12\/21\/el-partido-justicialista-y-union-por-la-patria-se-expresaron-en-contra-del-dnu-y-lo-consideraron-inconstitucional\/","title":{"rendered":"El Partido Justicialista y Uni\u00f3n por la Patria se expresaron en contra del DNU y lo consideraron inconstitucional"},"content":{"rendered":"<p>Luego de la cadena nacional donde el presidente Javier Milei anunci\u00f3 el Decreto de Necesidad y Urgencia (DNU) con las nuevas medidas que desregulan la econom\u00eda, los diputados de Uni\u00f3n por la Patria expresaron su oposici\u00f3n. De igual manera lo hizo el Partido Justicialista. Por medio de un comunicado, sostuvieron que es necesario rechazar el DNU de car\u00e1cter urgente.<\/p>\n<p>A diez d\u00edas de asumir, el mandatario realiz\u00f3 su primera cadena nacional para anunciar el ajuste que ya hab\u00eda planteado durante su campa\u00f1a. \u201cDise\u00f1amos un plan de estabilizaci\u00f3n de shock que comprende pol\u00edtica fiscal y monetaria, una pol\u00edtica cambiaria que sincer\u00f3 el tipo de cambio al valor de mercado y una pol\u00edtica monetaria que incluye el saneamiento del Banco Central\u201d, asegur\u00f3 Milei al inicio de su mensaje.<\/p>\n<p>Tras un recorrido por la situaci\u00f3n econ\u00f3mica heredada, el Presidente enumer\u00f3 las principales leyes que derogar\u00e1 o modificar\u00e1. Entre ellas se encuentra la derogaci\u00f3n de la Ley de Alquileres, Ley de Abastecimiento, Ley de G\u00f3ndolas, Ley del Compre Nacional y de la normativa que impide la privatizaci\u00f3n de las empresas p\u00fablicas, entre otras.<\/p>\n<p>A poco de finalizar la cadena nacional, los diputados de Uni\u00f3n por la Patria publicaron un comunicado en la red social X donde consideraron que el DNU es un \u201cbrutal avasallamiento de las facultades del Congreso\u201d.<\/p>\n<p>\u201cAvalar este DNU significa conceder al Ejecutivo facultades extraordinarias, prohibidas en el art. 29 de la Constituci\u00f3n. Este DNU es de nulidad insanable. Las y los que lo aprueben ser\u00e1n infames traidores a la Patria\u201d, sostuvieron.<\/p>\n<p>Adem\u00e1s, cuestionaron al Presidente Javier Milei al plantear que \u201cse arroga facultades legislativas. No convoca a Sesiones Extraordinarias. Se lleva puesta a la Constituci\u00f3n. Frente al silencio c\u00f3mplice de algunos, nuestro bloque va a defender la democracia, la divisi\u00f3n de poderes y la Rep\u00fablica. Argentina no necesita un Fujimori\u201d.<\/p>\n<p>Por tal motivo, remarcaron las consecuencias de las medidas econ\u00f3micas anunciadas y advirtieron que \u201cgenerar\u00e1n un enorme perjuicio al pueblo argentino\u201d. Frente a dicha situaci\u00f3n, aseguraron: \u201cVamos a exigir que el Congreso funcione; se re\u00fana la Comisi\u00f3n Bicameral de Tratamiento de los DNU; y se convoque a Extraordinarias. Este DNU tiene que ser rechazado por el Congreso con urgencia\u201d.<\/p>\n<p>Por su parte, los senadores de Uni\u00f3n por la Patria tildaron al discurso de Javier Milei \u201cde odio que busca dividir a la sociedad argentina y rompe de un plumazo, mediante un decreto de necesidad y urgencia, el Estado de Derecho de la Rep\u00fablica Argentina\u201d.<\/p>\n<p>\u201cDesde el interbloque de senadores y senadoras nacionales de Uni\u00f3n por la Patria expresamos nuestra profunda preocupaci\u00f3n por el tenor de las medidas que, en trazos, expres\u00f3 el mandatario, pero que, de seguro, van a contramano de la senda de la recuperaci\u00f3n econ\u00f3mica, el desarrollo, la generaci\u00f3n de empleo y el bienestar para las grandes mayor\u00edas de nuestro pueblo\u201d, indicaron en su comunicado.<\/p>\n<p>De manera coincidente con los diputados, sostuvieron que el DNU implica un \u201cferoz ajuste sobre la sociedad argentina y un desplazamiento brutal de las atribuciones del Congreso de la Naci\u00f3n\u201d. Debido a las consecuencias que pueden generar las modificaciones de las leyes, los senadores cuestionaron que \u201cMilei vuelve expresar un profundo desprecio por los representantes del pueblo y de las provincias, que como \u00e9l tienen la legitimidad surgida del voto popular\u201d.<\/p>\n<p>En tal sentido, sostuvieron que Milei mantiene un discurso \u201calejado de la realidad\u201d y \u201ccargado de datos falsos\u201d. De hecho, el derogar un sinn\u00famero de leyes \u201csignifica una clara actitud autoritaria, antidemocr\u00e1tica, inconstitucional y antirrepublicana que vulnera la divisi\u00f3n de poderes, establecida por la Constituci\u00f3n Nacional\u201d.<\/p>\n<p>Ante el nuevo panorama socioecon\u00f3mico, los senadores remarcaron que \u201ceste accionar nos retrotrae de forma ir\u00f3nica a los peores tiempos de nuestra historia, justo al haberse cumplido hace pocos d\u00edas cuarenta a\u00f1os de la recuperaci\u00f3n democr\u00e1tica\u201d. E incluso la derogaci\u00f3n de leyes \u201cllega al extremo de retrotraer derechos conquistados por los trabajadores y las trabajadoras en el gobierno de Juan Domingo Per\u00f3n\u201d.<\/p>\n<p>Por \u00faltimo, recordaron que \u201cla Corte Suprema ha resuelto en contra del dictado de Decretos de Necesidad y Urgencia, cuando con ellos se buscar elegir discrecionalmente entre la sanci\u00f3n de una ley o la imposici\u00f3n m\u00e1s r\u00e1pida de ciertos contenidos materiales por medio de un decreto cercenando las competencias legislativas\u201d.<\/p>\n<p>A su vez, el Partido Justicialista tambi\u00e9n emiti\u00f3 un breve mensaje en las redes sociales, donde remarcaron que el DNU \u201ces nulo e inconstitucional\u201d sumado a que avasalla las instituciones de la democracia, destruye las PyMEs y entrega la soberan\u00eda nacional\u201d.<\/p>\n<p>Y cuestionaron las medidas del Presidente dado que \u201cdecret\u00f3 m\u00e1s angustia, pobreza y desempleo para la Argentina. Su accionar no respeta los m\u00ednimos par\u00e1metros republicanos\u201d, sostuvieron desde el Partido Justicialista. Adem\u00e1s, concluyeron sosteniendo la necesidad de mantener la defensa del pueblo trabajador con \u201cunidad de acci\u00f3n, responsabilidad y patriotismo\u201d.<\/p>\n","protected":false},"excerpt":{"rendered":"<p>Luego de la cadena nacional donde el presidente Javier Milei anunci\u00f3 el Decreto de Necesidad y Urgencia (DNU) con las nuevas medidas que desregulan la econom\u00eda, los diputados de Uni\u00f3n por la Patria expresaron su oposici\u00f3n. De igual manera lo hizo el Partido Justicialista. Por medio de un comunicado, sostuvieron que es necesario rechazar el [&hellip;]<\/p>\n","protected":false},"author":2,"featured_media":21688,"comment_status":"closed","ping_status":"closed","sticky":false,"template":"","format":"standard","meta":{"footnotes":""},"categories":[64],"tags":[],"class_list":["post-21687","post","type-post","status-publish","format-standard","has-post-thumbnail","hentry","category-nacionales"],"_links":{"self":[{"href":"https:\/\/radiosurfm.com\/web\/wp-json\/wp\/v2\/posts\/21687","targetHints":{"allow":["GET"]}}],"collection":[{"href":"https:\/\/radiosurfm.com\/web\/wp-json\/wp\/v2\/posts"}],"about":[{"href":"https:\/\/radiosurfm.com\/web\/wp-json\/wp\/v2\/types\/post"}],"author":[{"embeddable":true,"href":"https:\/\/radiosurfm.com\/web\/wp-json\/wp\/v2\/users\/2"}],"replies":[{"embeddable":true,"href":"https:\/\/radiosurfm.com\/web\/wp-json\/wp\/v2\/comments?post=21687"}],"version-history":[{"count":0,"href":"https:\/\/radiosurfm.com\/web\/wp-json\/wp\/v2\/posts\/21687\/revisions"}],"wp:featuredmedia":[{"embeddable":true,"href":"https:\/\/radiosurfm.com\/web\/wp-json\/wp\/v2\/media\/21688"}],"wp:attachment":[{"href":"https:\/\/radiosurfm.com\/web\/wp-json\/wp\/v2\/media?parent=21687"}],"wp:term":[{"taxonomy":"category","embeddable":true,"href":"https:\/\/radiosurfm.com\/web\/wp-json\/wp\/v2\/categories?post=21687"},{"taxonomy":"post_tag","embeddable":true,"href":"https:\/\/radiosurfm.com\/web\/wp-json\/wp\/v2\/tags?post=21687"}],"curies":[{"name":"wp","href":"https:\/\/api.w.org\/{rel}","templated":true}]}}