{"id":21810,"date":"2023-12-26T18:38:49","date_gmt":"2023-12-26T21:38:49","guid":{"rendered":"https:\/\/radiosurfm.com\/web\/?p=21810"},"modified":"2023-12-26T18:38:49","modified_gmt":"2023-12-26T21:38:49","slug":"milei-no-incluyo-su-dnu-en-el-temario-de-sesiones-extraordinarias-se-puede-tratar-antes-de-marzo","status":"publish","type":"post","link":"https:\/\/radiosurfm.com\/web\/2023\/12\/26\/milei-no-incluyo-su-dnu-en-el-temario-de-sesiones-extraordinarias-se-puede-tratar-antes-de-marzo\/","title":{"rendered":"Milei no incluy\u00f3 su DNU en el temario de sesiones extraordinarias, \u00bfse puede tratar antes de marzo?"},"content":{"rendered":"<p>El\u00a0Gobierno convoc\u00f3 a\u00a0<b>sesiones extraordinarias<\/b><b><\/b>\u00a0entre este 26 de diciembre y el 31 de enero de 2024. En el\u00a0<b>temario\u00a0<\/b>se incluyeron una serie de proyectos de ley que deber\u00e1 tratar el Congreso en ese per\u00edodo, pero\u00a0<b>no aparece el\u00a0mega DNU\u00a0de Javier Milei<\/b>. Para continuar vigente,\u00a0<b>el Decreto debe pasar por Comisi\u00f3n Bicameral<\/b>\u00a0y despu\u00e9s validarse en\u00a0<b>Diputados\u00a0<\/b>o el\u00a0<b>Senado<\/b>. Y, aunque no se acostumbra, esto\u00a0<b>puede concretarse antes de la apertura de sesiones ordinarias de marzo<\/b>.<\/p>\n<p>El\u00a0camino para la validaci\u00f3n de un DNU\u00a0por parte del Poder Legislativo es siempre el mismo: el jefe de Gabinete tiene 10 d\u00edas desde su\u00a0<b>promulgaci\u00f3n en el Bolet\u00edn Oficial<\/b>\u00a0para enviarlo a la\u00a0<b>Comisi\u00f3n Bicameral Permanente de Tr\u00e1mite Legislativo<\/b>. En un plazo de otros 10 d\u00edas h\u00e1biles, la comisi\u00f3n debe emitir y enviar su dictamen a las\u00a0<b>C\u00e1maras del Congreso<\/b>, donde\u00a0<b>solo es necesario el visto bueno de una sola de ellas<\/b>\u00a0para que el Decreto de Necesidad y Urgencia quede firme.<\/p>\n<div id=\"ad-slot-video_inread\" class=\"ad-slot-video_inread ad-slot\" data-adzonerun=\"1\" data-adtype=\"video_inread\" data-google-query-id=\"CI3hkKmFroMDFbuHlQIdqXMMWQ\">\n<div id=\"google_ads_iframe_\/349353471\/p12\/nota_video_inread_0__container__\"><iframe id=\"google_ads_iframe_\/349353471\/p12\/nota_video_inread_0\" tabindex=\"0\" title=\"3rd party ad content\" role=\"region\" name=\"google_ads_iframe_\/349353471\/p12\/nota_video_inread_0\" width=\"1\" height=\"1\" frameborder=\"0\" marginwidth=\"0\" marginheight=\"0\" scrolling=\"no\" aria-label=\"Advertisement\" data-load-complete=\"true\" data-google-container-id=\"3\" data-mce-fragment=\"1\"><\/iframe><\/div>\n<\/div>\n<h2>\u00bfPuede tratarse el DNU de Milei antes de las sesiones ordinarias?<\/h2>\n<p>La\u00a0<b>Bicameral\u00a0<\/b>\u2013que a\u00fan no est\u00e1 conformada con sus nuevas autoridades e integrantes\u2013\u00a0<b>puede discutir el &#8220;decretazo&#8221; ya mismo, ya que es permanente.<\/b>\u00a0Pero en las \u00faltimas horas surgi\u00f3 la\u00a0<b>discusi\u00f3n\u00a0<\/b>respecto a<b>\u00a0si la C\u00e1mara de Diputados y el Senado pueden tratarlo o no<\/b>\u00a0<b>fuera del per\u00edodo de ordinarias<\/b>, m\u00e1s all\u00e1 de si eso est\u00e1 dentro de los planes del Gobierno.<\/p>\n<p>Seg\u00fan\u00a0<b>Marcos Cleri<\/b>, exdiputado nacional por Uni\u00f3n por la Patria (UxP) y expresidente de la comisi\u00f3n hasta el pasado 10 de diciembre, el tratamiento puede ocurrir antes de la apertura de sesiones de marzo.\u00a0<b>\u201cSi la comisi\u00f3n emite dictamen en los meses de diciembre, enero o febrero, puede elevar al pleno de ambas c\u00e1maras para que se trate, sin necesidad de que est\u00e9 en el temario de extraordinarias\u201d<\/b>, confirm\u00f3 a\u00a0<b>P\u00e1gina|12<\/b>. Una posibilidad que tambi\u00e9n confirmaron como viable desde el radicalismo.<\/p>\n<div id=\"ad-slot-inline2\" class=\"ad-slot-inline_grande ad-slot\" data-adzonerun=\"1\" data-adtype=\"inline_grande\"><\/div>\n<p>En rigor, lo que emite la Bicameral es una resoluci\u00f3n, un \u201cmensaje del cuerpo\u201d que puede enviarlo en cualquier momento por simple mayor\u00eda de votos de los presentes. As\u00ed,\u00a0<b>la comisi\u00f3n puede emitir una nota solicitando una sesi\u00f3n especial especificando d\u00eda, hora y tema<\/b>. Despu\u00e9s, los presidentes de Diputados y el Senado citan a sus respectivas c\u00e1maras. Si se re\u00fane el\u00a0<i>qu\u00f3rum<\/i>, se inicia la sesi\u00f3n y se vota con mayor\u00eda simple de los presentes, que si nadie pide que sea nominal, se realiza a mano alzada.<\/p>\n<p>Sin embargo, desde Juntos por el Cambio (JxC) se\u00f1alan que esto no es lo que se acostumbra. El diputado nacional del PRO\u00a0<b>Pablo Tonelli<\/b>\u00a0afirm\u00f3: \u201cEs costumbre y tradici\u00f3n que durante el per\u00edodo de sesiones extraordinarias que las c\u00e1maras traten solo los proyectos habilitados por el Poder Ejecutivo\u201d.<\/p>\n<div id=\"ad-slot-inline3\" class=\"ad-slot-inline ad-slot\" data-adzonerun=\"1\" data-adtype=\"inline\"><\/div>\n<p>Por otro lado, tambi\u00e9n es cierto que en la historia reciente tampoco hay antecedentes en donde el Ejecutivo avanzara\u00a0mediante un DNU de m\u00e1s de 300 art\u00edculos\u00a0en la modificaci\u00f3n y derogaci\u00f3n de\u00a0decenas de leyes\u00a0que en algunos casos engrosan el entramado legislativo del pa\u00eds desde hace m\u00e1s de 50 a\u00f1os, por lo que se abre la inc\u00f3gnita de si en este caso amerita o no romper con esa costumbre.<\/p>\n<p><b>\u201cPodr\u00eda ocurrir, pero no me parece que sea probable\u201d<\/b>, reconoci\u00f3 Tonelli, quien consider\u00f3 que, por lo que la tradici\u00f3n indica, el DNU debe tratarse en pleno a partir de marzo. Sobre este tipo de posturas, Cleri se\u00f1al\u00f3 que \u201ces una mala interpretaci\u00f3n de las facultades del Congreso\u201d. Y agreg\u00f3:\u00a0<b>\u201cAl ser un DNU, se debe hacer el control constitucional. Eso lo establece la Constituci\u00f3n Nacional y la ley que reglament\u00f3 su ejercicio\u201d<\/b>.<\/p>\n","protected":false},"excerpt":{"rendered":"<p>El\u00a0Gobierno convoc\u00f3 a\u00a0sesiones extraordinarias\u00a0entre este 26 de diciembre y el 31 de enero de 2024. En el\u00a0temario\u00a0se incluyeron una serie de proyectos de ley que deber\u00e1 tratar el Congreso en ese per\u00edodo, pero\u00a0no aparece el\u00a0mega DNU\u00a0de Javier Milei. Para continuar vigente,\u00a0el Decreto debe pasar por Comisi\u00f3n Bicameral\u00a0y despu\u00e9s validarse en\u00a0Diputados\u00a0o el\u00a0Senado. Y, aunque no se [&hellip;]<\/p>\n","protected":false},"author":2,"featured_media":0,"comment_status":"closed","ping_status":"closed","sticky":false,"template":"","format":"standard","meta":{"footnotes":""},"categories":[64,66],"tags":[],"class_list":["post-21810","post","type-post","status-publish","format-standard","hentry","category-nacionales","category-politica-nacionales"],"_links":{"self":[{"href":"https:\/\/radiosurfm.com\/web\/wp-json\/wp\/v2\/posts\/21810","targetHints":{"allow":["GET"]}}],"collection":[{"href":"https:\/\/radiosurfm.com\/web\/wp-json\/wp\/v2\/posts"}],"about":[{"href":"https:\/\/radiosurfm.com\/web\/wp-json\/wp\/v2\/types\/post"}],"author":[{"embeddable":true,"href":"https:\/\/radiosurfm.com\/web\/wp-json\/wp\/v2\/users\/2"}],"replies":[{"embeddable":true,"href":"https:\/\/radiosurfm.com\/web\/wp-json\/wp\/v2\/comments?post=21810"}],"version-history":[{"count":0,"href":"https:\/\/radiosurfm.com\/web\/wp-json\/wp\/v2\/posts\/21810\/revisions"}],"wp:attachment":[{"href":"https:\/\/radiosurfm.com\/web\/wp-json\/wp\/v2\/media?parent=21810"}],"wp:term":[{"taxonomy":"category","embeddable":true,"href":"https:\/\/radiosurfm.com\/web\/wp-json\/wp\/v2\/categories?post=21810"},{"taxonomy":"post_tag","embeddable":true,"href":"https:\/\/radiosurfm.com\/web\/wp-json\/wp\/v2\/tags?post=21810"}],"curies":[{"name":"wp","href":"https:\/\/api.w.org\/{rel}","templated":true}]}}