{"id":21815,"date":"2023-12-26T18:42:55","date_gmt":"2023-12-26T21:42:55","guid":{"rendered":"https:\/\/radiosurfm.com\/web\/?p=21815"},"modified":"2023-12-26T18:42:55","modified_gmt":"2023-12-26T21:42:55","slug":"milei-dio-de-baja-los-contratos-de-trabajadores-estatales-que-ingresaron-en-2023","status":"publish","type":"post","link":"https:\/\/radiosurfm.com\/web\/2023\/12\/26\/milei-dio-de-baja-los-contratos-de-trabajadores-estatales-que-ingresaron-en-2023\/","title":{"rendered":"Milei dio de baja los contratos de trabajadores estatales que ingresaron en 2023"},"content":{"rendered":"<p>El\u00a0presidente\u00a0<b>Javier Milei<\/b><b><\/b>\u00a0decret\u00f3 la\u00a0<b>no renovaci\u00f3n<\/b>\u00a0de los\u00a0<b>contratos de trabajadores del Estado<\/b>\u00a0que se hayan firmado\u00a0<b>desde el 1\u00b0 de enero de 2023<\/b>, incluyendo la administraci\u00f3n nacional y organismos descentralizados como\u00a0<b>AFIP, PAMI y ANSES<\/b>. Adem\u00e1s, se orden\u00f3 un \u201crelevamiento exhaustivo\u201d del personal contratado antes de esa fecha.<\/p>\n<p>Se estima que esta medida<b>\u00a0afecta a unos 7 mil trabajadores estatales<\/b>. La baja de los contratos, que ya hab\u00eda sido anticipada por el mandatario, se da en el marco de un duro programa de\u00a0<b>ajuste fiscal<\/b>\u00a0y, seg\u00fan el\u00a0<a href=\"https:\/\/www.boletinoficial.gob.ar\/detalleAviso\/primera\/301288\/20231226\" target=\"_blank\" rel=\"noopener\">Decreto 84\/2023<\/a>, publicado hoy en el\u00a0<b>Bolet\u00edn Oficial<\/b>, \u201cse condice con aquellos objetivos y a los fines de lograr un mejor funcionamiento de la Administraci\u00f3n P\u00fablica\u201d.<\/p>\n<div id=\"ad-slot-inline1\" class=\"ad-slot-inline1 ad-slot\" data-adzonerun=\"1\" data-adtype=\"inline1\"><\/div>\n<h2>A qui\u00e9nes afecta el recorte<\/h2>\n<p>El Decreto establece que \u201clas contrataciones del personal para la prestaci\u00f3n de servicios efectuadas en el marco del art\u00edculo 9\u00b0 de la\u00a0<b>Ley Marco de Regulaci\u00f3n de Empleo P\u00fablico Nacional<\/b>, del\u00a0<b>Decreto N\u00b0 1109<\/b>\u00a0del 28 de diciembre de 2017 y de toda otra modalidad de contrataci\u00f3n que concluya al 31 de diciembre de 2023, e iniciadas a partir del 1\u00b0 de enero de 2023 en los organismos comprendidos en los incisos a) y c) del art\u00edculo 8\u00b0 de la Ley N\u00b0 24.156,\u00a0<b>no ser\u00e1n renovadas<\/b>\u201d.<\/p>\n<div id=\"ad-slot-video_inread\" class=\"ad-slot-video_inread ad-slot\" data-adzonerun=\"1\" data-adtype=\"video_inread\" data-google-query-id=\"CL6ngaWFroMDFUublQIdQsIIpg\">\n<div id=\"google_ads_iframe_\/349353471\/p12\/nota_video_inread_0__container__\"><\/div>\n<\/div>\n<p>Estos incisos del art\u00edculo mencionados refieren a trabajadores de:<\/p>\n<ul>\n<li><b>Administraci\u00f3n Nacional<\/b>, conformada por la\u00a0<b>Administraci\u00f3n Central<\/b>\u00a0y los\u00a0<b>Organismos Descentralizados<\/b>, comprendiendo en estos \u00faltimos a las Instituciones de Seguridad Social.<\/li>\n<li><b>Empresas y Sociedades del Estado<\/b>\u00a0que abarca tambi\u00e9n a las\u00a0<b>Sociedades An\u00f3nimas con Participaci\u00f3n Estatal Mayoritaria<\/b>, las\u00a0<b>Sociedades de Econom\u00eda Mixta<\/b>\u00a0y todas aquellas otras organizaciones empresariales donde el Estado nacional tenga participaci\u00f3n mayoritaria en el capital o en la formaci\u00f3n de las decisiones societarias.<\/li>\n<li><b>Entes P\u00fablicos\u00a0<\/b>excluidos expresamente de la Administraci\u00f3n Nacional, que abarca a cualquier organizaci\u00f3n estatal no empresarial, con autarqu\u00eda financiera, personalidad jur\u00eddica y patrimonio propio, donde el Estado nacional tenga el control mayoritario del patrimonio o de la formaci\u00f3n de las decisiones, incluyendo aquellas entidades p\u00fablicas no estatales donde el Estado nacional tenga el control de las decisiones.<\/li>\n<\/ul>\n<p>El Decreto argumenta que este tipo de contrataciones est\u00e1n reguladas por el art\u00edculo 9 de la Ley Marco, que establece el r\u00e9gimen de contrataci\u00f3n de personas humanas para la prestaci\u00f3n de servicios profesionales aut\u00f3nomos que sean necesarios para el desarrollo de tareas, estudios, proyectos o programas especiales. Seg\u00fan indic\u00f3 el Gobierno, esta norma prev\u00e9 para ellas una duraci\u00f3n m\u00e1xima prevista de 12 meses y que, por lo tanto,\u00a0<b>\u201cse encuentran pr\u00f3ximas a vencer\u201d<\/b>, por lo que decidi\u00f3 no renovarlas.<\/p>\n<h2>Cu\u00e1les son las excepciones de estas bajas masivas<\/h2>\n<p>El Decreto se\u00f1ala en su art\u00edculo 2 algunas\u00a0<b>excepciones\u00a0<\/b>de contrataciones que no ser\u00e1n dadas de baja, y son:<\/p>\n<div id=\"ad-slot-inline2\" class=\"ad-slot-inline_grande ad-slot\" data-adzonerun=\"1\" data-adtype=\"inline_grande\"><\/div>\n<ul>\n<li>Las derivadas de\u00a0<b>cupos regulados por ley<\/b>\u00a0u otro tipo de\u00a0<b>protecciones especiales<\/b>.<\/li>\n<li>Personal que haya estado prestando tareas con fecha previa al 1\u00b0 de enero de 2023 y\u00a0<b>haya cambiado su modalidad de contrataci\u00f3n<\/b>.<\/li>\n<li><b>Personal que el titular de cada jurisdicci\u00f3n eval\u00fae que resulte indispensable<\/b>\u00a0para el funcionamiento de la jurisdicci\u00f3n, de manera restrictiva y fundada y que su continuidad es necesaria por razones impostergables de funcionamiento.<\/li>\n<\/ul>\n<h2>Qu\u00e9 pasa con quienes fueron contratados antes de 2023<\/h2>\n<p>En el art\u00edculo 3 del documento promulgado hoy en el BO, se establece que aquellos contratos firmados previamente al 1\u00b0 de enero de 2023\u00a0<b>no podr\u00e1n renovarse por un per\u00edodo que supere los 90 d\u00edas corridos<\/b>.<\/p>\n<div id=\"ad-slot-inline3\" class=\"ad-slot-inline ad-slot\" data-adzonerun=\"1\" data-adtype=\"inline\"><\/div>\n<p>A su vez, en el art\u00edculo 4, se ordena a las autoridades de cada jurisdicci\u00f3n a que durante ese plazo \u201drealicen un\u00a0<b>relevamiento exhaustivo del personal contratado con el fin de evaluar la renovaci\u00f3n<\/b>\u201d de su v\u00ednculo laboral.<\/p>\n","protected":false},"excerpt":{"rendered":"<p>El\u00a0presidente\u00a0Javier Milei\u00a0decret\u00f3 la\u00a0no renovaci\u00f3n\u00a0de los\u00a0contratos de trabajadores del Estado\u00a0que se hayan firmado\u00a0desde el 1\u00b0 de enero de 2023, incluyendo la administraci\u00f3n nacional y organismos descentralizados como\u00a0AFIP, PAMI y ANSES. Adem\u00e1s, se orden\u00f3 un \u201crelevamiento exhaustivo\u201d del personal contratado antes de esa fecha. Se estima que esta medida\u00a0afecta a unos 7 mil trabajadores estatales. La baja [&hellip;]<\/p>\n","protected":false},"author":2,"featured_media":21203,"comment_status":"closed","ping_status":"closed","sticky":false,"template":"","format":"standard","meta":{"footnotes":""},"categories":[64],"tags":[],"class_list":["post-21815","post","type-post","status-publish","format-standard","has-post-thumbnail","hentry","category-nacionales"],"_links":{"self":[{"href":"https:\/\/radiosurfm.com\/web\/wp-json\/wp\/v2\/posts\/21815","targetHints":{"allow":["GET"]}}],"collection":[{"href":"https:\/\/radiosurfm.com\/web\/wp-json\/wp\/v2\/posts"}],"about":[{"href":"https:\/\/radiosurfm.com\/web\/wp-json\/wp\/v2\/types\/post"}],"author":[{"embeddable":true,"href":"https:\/\/radiosurfm.com\/web\/wp-json\/wp\/v2\/users\/2"}],"replies":[{"embeddable":true,"href":"https:\/\/radiosurfm.com\/web\/wp-json\/wp\/v2\/comments?post=21815"}],"version-history":[{"count":0,"href":"https:\/\/radiosurfm.com\/web\/wp-json\/wp\/v2\/posts\/21815\/revisions"}],"wp:featuredmedia":[{"embeddable":true,"href":"https:\/\/radiosurfm.com\/web\/wp-json\/wp\/v2\/media\/21203"}],"wp:attachment":[{"href":"https:\/\/radiosurfm.com\/web\/wp-json\/wp\/v2\/media?parent=21815"}],"wp:term":[{"taxonomy":"category","embeddable":true,"href":"https:\/\/radiosurfm.com\/web\/wp-json\/wp\/v2\/categories?post=21815"},{"taxonomy":"post_tag","embeddable":true,"href":"https:\/\/radiosurfm.com\/web\/wp-json\/wp\/v2\/tags?post=21815"}],"curies":[{"name":"wp","href":"https:\/\/api.w.org\/{rel}","templated":true}]}}