{"id":22448,"date":"2024-02-06T18:26:31","date_gmt":"2024-02-06T21:26:31","guid":{"rendered":"https:\/\/radiosurfm.com\/web\/?p=22448"},"modified":"2024-02-06T18:26:31","modified_gmt":"2024-02-06T21:26:31","slug":"roda-de-samba-este-viernes-en-playa-el-inga","status":"publish","type":"post","link":"https:\/\/radiosurfm.com\/web\/2024\/02\/06\/roda-de-samba-este-viernes-en-playa-el-inga\/","title":{"rendered":"Roda de Samba este viernes en Playa El Ing\u00e1"},"content":{"rendered":"<p><span class=\"intro\">El pr\u00f3ximo viernes 9 desde las 21,00 dentro del programa de verano se presentar\u00e1 este espect\u00e1culo Roda De Samba organizado por Os Demonios, que contar\u00e1 con artistas invitados.<\/span><\/p>\n<p><span class=\"cuerpo\">Uno de esos invitados, Adri\u00e1n Rodr\u00edguez, comenta sobre la iniciativa de un escenario en ronda para disfrutar de la m\u00fasica de la banda junto a los invitados.<\/p>\n<p>Una experiencia llevada adelante en verano pasado con una buena aceptaci\u00f3n de los espectadores, se busca repetir esta manera emparentada con las playas y arte de samba de Brasil.<\/p>\n<p>Una propuesta divertida, una ronda de m\u00fasicos para divertirse y disfrutar en la Playita\u201d Marco Adri\u00e1n Rodr\u00edguez.<\/p>\n<p>ARTISTA INVITADO<\/p>\n<p>El m\u00fasico invitado, explic\u00f3: \u201cEstamos preparando esta propuesta para el viernes, agradezco la invitaci\u00f3n de mis amigos de Os Demonios, la idea es que la gente se acerque a la ronda, a la roda como se denomina en Brasil, en un escenario 360; que puedan disfrutar de m\u00fasica brasile\u00f1a, reversionada con ritmo de samba como ser\u00e1 mi caso<\/p>\n<p>PARTICIPACION DEL PUBLICO<\/p>\n<p>Para detallar m\u00e1s adelante: \u201cB\u00e1sicamente es un grupo de m\u00fasicos en el centro de un determinado lugar, sucede que las personas se juntan alrededor de los m\u00fasicos, participan, cantan son protagonistas de esta idea, pensada, as\u00ed como para este espacio p\u00fablico, la playa y las personas naturalmente se congrega all\u00ed, debemos considerar que este tiene un formato, dise\u00f1ado como un show, sin perder la esencia de la oferta original<\/p>\n<p>\u201cComo parte del show de Os Demonios los artistas invitados ingresaremos en alg\u00fan momento preparado para eso, anhelamos que el clima sea un factor aliado de compa\u00f1\u00eda para lograr la integraci\u00f3n y participaci\u00f3n de los asistentes al Inga&#8221;, coment\u00f3.<\/p>\n<p>M\u00daSICO Y SONIDISTA<\/p>\n<p>Consultado sobre su pasi\u00f3n por la m\u00fasica y el trabajo en el servicio de sonido e iluminaci\u00f3n, indico: \u201cPor cuestiones de tiempo \u201crenuncie\u201d a los proyectos musicales, pos pandemia se han generado trabajo en el otro rubro que me desempe\u00f1o, sonido, iluminaci\u00f3n, pero siempre ese gusto por la m\u00fasica est\u00e1, de all\u00ed que uno acepto esta invitaci\u00f3n, aprovecho la oportunidad para disfrutar del momento.\u201d<\/p>\n<p>BUENA REPERCUSI\u00d3N<\/p>\n<p>\u201cEl a\u00f1o pasado estuvimos en el aspecto t\u00e9cnico, -grafico Rodr\u00edguez- arm\u00e1ndose un gran marco, si bien existe un repertorio, se mantiene la base de la espontaneidad, mucha m\u00fasica de Brasil las reversiones de canciones del rock nacional, de hit de todos los tiempos adaptadas a la samba como es el caso m\u00edo que sobre eso estoy trabajando, pero el protagonismo central lo tiene Os Demonios.\u201d<\/p>\n<p>Finalmente, Adri\u00e1n Rodr\u00edguez, curs\u00f3 invitaci\u00f3n a los asiduos concurrentes al espacio p\u00fablico: \u201cMe resta invitar a oncurrir el viernes a Playa el Inga y disfrutar de esta Roda de Samba, para divertirse y disfrutar, concluy\u00f3 Adri\u00e1n Rodr\u00edguez.<\/span><\/p>\n","protected":false},"excerpt":{"rendered":"<p>El pr\u00f3ximo viernes 9 desde las 21,00 dentro del programa de verano se presentar\u00e1 este espect\u00e1culo Roda De Samba organizado por Os Demonios, que contar\u00e1 con artistas invitados. Uno de esos invitados, Adri\u00e1n Rodr\u00edguez, comenta sobre la iniciativa de un escenario en ronda para disfrutar de la m\u00fasica de la banda junto a los invitados. [&hellip;]<\/p>\n","protected":false},"author":2,"featured_media":22449,"comment_status":"open","ping_status":"open","sticky":false,"template":"","format":"standard","meta":{"footnotes":""},"categories":[67,56],"tags":[],"class_list":["post-22448","post","type-post","status-publish","format-standard","has-post-thumbnail","hentry","category-cultura","category-locales"],"_links":{"self":[{"href":"https:\/\/radiosurfm.com\/web\/wp-json\/wp\/v2\/posts\/22448","targetHints":{"allow":["GET"]}}],"collection":[{"href":"https:\/\/radiosurfm.com\/web\/wp-json\/wp\/v2\/posts"}],"about":[{"href":"https:\/\/radiosurfm.com\/web\/wp-json\/wp\/v2\/types\/post"}],"author":[{"embeddable":true,"href":"https:\/\/radiosurfm.com\/web\/wp-json\/wp\/v2\/users\/2"}],"replies":[{"embeddable":true,"href":"https:\/\/radiosurfm.com\/web\/wp-json\/wp\/v2\/comments?post=22448"}],"version-history":[{"count":0,"href":"https:\/\/radiosurfm.com\/web\/wp-json\/wp\/v2\/posts\/22448\/revisions"}],"wp:featuredmedia":[{"embeddable":true,"href":"https:\/\/radiosurfm.com\/web\/wp-json\/wp\/v2\/media\/22449"}],"wp:attachment":[{"href":"https:\/\/radiosurfm.com\/web\/wp-json\/wp\/v2\/media?parent=22448"}],"wp:term":[{"taxonomy":"category","embeddable":true,"href":"https:\/\/radiosurfm.com\/web\/wp-json\/wp\/v2\/categories?post=22448"},{"taxonomy":"post_tag","embeddable":true,"href":"https:\/\/radiosurfm.com\/web\/wp-json\/wp\/v2\/tags?post=22448"}],"curies":[{"name":"wp","href":"https:\/\/api.w.org\/{rel}","templated":true}]}}