{"id":22471,"date":"2024-02-06T18:51:49","date_gmt":"2024-02-06T21:51:49","guid":{"rendered":"https:\/\/radiosurfm.com\/web\/?p=22471"},"modified":"2024-02-06T18:51:49","modified_gmt":"2024-02-06T21:51:49","slug":"chile-murio-el-expresidente-sebastian-pinera-en-un-accidente-de-helicoptero","status":"publish","type":"post","link":"https:\/\/radiosurfm.com\/web\/2024\/02\/06\/chile-murio-el-expresidente-sebastian-pinera-en-un-accidente-de-helicoptero\/","title":{"rendered":"Chile: muri\u00f3 el expresidente Sebasti\u00e1n Pi\u00f1era en un accidente de helic\u00f3ptero"},"content":{"rendered":"<p><b><u>El expresidente de Chile, Sebasti\u00e1n Pi\u00f1era<\/u>,de 74 a\u00f1os, muri\u00f3\u00a0<\/b>este martes al caerse el\u00a0<b>helic\u00f3ptero que piloteaba<\/b>. El accidente ocurri\u00f3 cerca de las 15, en la comuna de Lago Ranco, en la Regi\u00f3n de Los R\u00edos.\u00a0El gobierno de Gabriel Boric decret\u00f3\u00a0<b>tres d\u00edas de duelo nacional\u00a0<\/b>y funeral de Estado para el expresidente.<\/p>\n<p>El informe del Servicio Nacional de Prevenci\u00f3n y Respuesta ante Desastres (<b>Senapred<\/b>) report\u00f3 &#8220;la ca\u00edda de una aeronave de tipo helic\u00f3ptero en el Sector de Iliue de lacomuna de Lago Ranco, preliminarmente se registra tres lesionados y un fallecido personal de emergencia y armada concurren al lugar&#8221;.\u00a0<b>En el lugar trabajan Bomberos, Carabineros, SAMU y Armada<\/b>.<\/p>\n<div id=\"ad-slot-inline1\" class=\"ad-slot-inline1 ad-slot\" data-adzonerun=\"1\" data-adtype=\"inline1\"><\/div>\n<div class=\"slot-available\"><\/div>\n<p>Seg\u00fan el diario\u00a0<i>La Tercera<\/i>, el exjefe de Estado hab\u00eda ido a almorzar a la casa del empresario Jos\u00e9 Cox, y\u00a0<b>perdi\u00f3 el control cerca de la orilla<\/b>. El helic\u00f3ptero se habr\u00eda hundido unos 40 metros.<\/p>\n<p><b>Carolina Tho\u00e1<\/b>, ministra de lnterior de Chile, brind\u00f3 una conferencia de prensa desde el Palacio de La Moneda, confirmando la noticia y expres\u00f3 que el expresidente \u201ctendr\u00e1 todos los honores y reconocimientos republicanos que merece\u201d, a la vez que confirm\u00f3 que el presidente, Gabriel Boric, pidi\u00f3<b>\u00a0&#8220;un funeral de Estado y duelo nacional<\/b>&#8220;.<\/p>\n<p>&#8220;Queremos expresar nuestra conmoci\u00f3n por esta tragedia, hacerles llegar nuestro abrazo solidario a la familia del expresidente, a todos sus cercanos, pero tambi\u00e9n a todos los chilenos y chilenas, porque Sebasti\u00e1n Pi\u00f1era fue Presidente de Chile, Presidente democr\u00e1tico de Chile en dos oportunidades y\u00a0<b>tendr\u00e1 de consecuencia todos los honores y reconocimientos republicanos que merece<\/b>&#8220;, sostuvo.<\/p>\n<div class=\"slot-available\"><\/div>\n<p>&nbsp;<\/p>\n<p>&nbsp;<\/p>\n<p>Luego, el presidente de Chile\u00a0<b>Gabriel Boric<\/b>, se refiri\u00f3 a su fallecimiento, y decret\u00f3 tres d\u00edas de\u00a0<b>duelo nacional y funeral de Estado\u00a0<\/b>para el expresidente. &#8220;Chile somos todos y debemos so\u00f1arlo, dibujarlo y construirlo entre todos, dijo Sebasti\u00e1n Pi\u00f1era al asumir su segundo per\u00edodo presidencial&#8221;, sostuvo.<\/p>\n<div id=\"ad-slot-inline2\" class=\"ad-slot-inline_grande ad-slot\" data-adzonerun=\"1\" data-adtype=\"inline_grande\"><\/div>\n<h2>Las repercusiones a la muerte de Sebasti\u00e1n Pi\u00f1era<\/h2>\n<p>Desde el gobierno argentino emitieron un comunicado minutos despu\u00e9s de conocerse la noticia. &#8220;<b>La Oficina del Presidente lamenta el tr\u00e1gico fallecimiento de Sebasti\u00e1n Pi\u00f1era<\/b>, quien fuera presidente de la Rep\u00fablica de Chile durante los periodos 2010-2014 y 2018-2022. En nombre del Estado Argentino, enviamos nuestras condolencias a sus familiares, amigos y a todo el pueblo chileno&#8221;, reza el texto publicado en X.<\/p>\n<p>Horas m\u00e1s tarde lo hizo tambi\u00e9n el presidente Javier Milei.\u00a0&#8220;Recib\u00ed hace un momento la noticia del tr\u00e1gico accidente que sufri\u00f3 Sebasti\u00e1n Pi\u00f1era, ex Presidente de la Rep\u00fablica hermana de Chile. Lamento profundamente su fallecimiento y deseo enviar nuestras condolencias en nombre del pueblo argentino a sus familiares y amigos, as\u00ed como tambi\u00e9n a todo el pueblo chileno&#8221;, escribi\u00f3 el mandatario argentino.<\/p>\n<div id=\"ad-slot-inline3\" class=\"ad-slot-inline ad-slot\" data-adzonerun=\"1\" data-adtype=\"inline\"><\/div>\n<div class=\"slot-available\"><\/div>\n<p>La C\u00e1mara de Diputados, que est\u00e1 debatiendo la Ley \u00d3mnibus, hizo un minuto de silencio a pedido del diputado\u00a0<b>Miguel \u00c1ngel<\/b>\u00a0<b>Pichetto<\/b>.<\/p>\n<p>Adem\u00e1s,\u00a0<b>mandatarios y exmandatarios expresaron sus condolencias<\/b>.\u00a0La expresidenta y exvicepresidenta, sostuvo, Cristina Fern\u00e1ndez de Kirchner, sostuvo:\u00a0&#8220;Como todos saben no ten\u00edamos las mismas ideas, pero nos uni\u00f3 siempre una relaci\u00f3n de mucho respeto: \u00e9l era un hombre de derechas pero profundamente democr\u00e1tico. Recuerdo con afecto su sentido del humor y la calidez de su familia, a la que conoc\u00ed en Chile&#8221;, escribi\u00f3 en X.<\/p>\n<p>El expresidente\u00a0<b>Mauricio Macri<\/b>, escribi\u00f3: &#8220;Tristeza inmensa por la muerte de mi querido amigo Sebasti\u00e1n Pi\u00f1era. Buena gente, comprometido como nadie con Chile y con los valores de la libertad y la democracia en Am\u00e9rica Latina\u2026 Realmente es una p\u00e9rdida total, irremplazable. Hoy despido a un amigo y a un dirigente notable. Todo mi cari\u00f1o para su familia&#8221;.<\/p>\n<p>&#8220;Siento el dolor m\u00e1s grande por la muerte de mi gran amigo y compa\u00f1ero Sebasti\u00e1n Pi\u00f1era. Un l\u00edder \u00fanico, un ser humano \u00edntegro y un amigo como pocos que siempre apoyo a Colombia. Mi solidaridad con toda su familia. Querido Sebasti\u00e1n siempre estar\u00e1s en nuestra memoria y defenderemos tu legado&#8221;, escribi\u00f3 el expresidente de Colombia,\u00a0<b>Iv\u00e1n Duque<\/b>.<\/p>\n<p>Por su parte, el presidente de Uruguay,\u00a0<b>Luis Lacalle Pou<\/b>, sostuvo: &#8220;Conoc\u00ed al Presidente Pi\u00f1era hace varios a\u00f1os. Siempre tuvo una actitud positiva hacia el Uruguay y en lo personal. Como muestra basta nombrar su apoyo con la log\u00edstica ofrecida para la llegada de las vacunas durante la pandemia. A los chilenos y su familia mi p\u00e9same. QEPD&#8221;.<\/p>\n<p>Pi\u00f1era naci\u00f3 en 1949 en Santiago de Chile. Estaba casado desde 1973 con Cecilia Morel y era padre de cuatro hijos. Durante d\u00e9cadas\u00a0<b>combin\u00f3 la gesti\u00f3n p\u00fablica con sus actividades empresariales<\/b>.<\/p>\n<div class=\"slot-available\"><\/div>\n<p>Su incursi\u00f3n en el mundo de los negocios se remonta a finales de los a\u00f1os setenta, cuando obtuvo la representaci\u00f3n para Chile de las tarjetas de cr\u00e9dito, desde entonces, sus empresas crecieron.<\/p>\n<p>Tambi\u00e9n se destac\u00f3 como el principal accionista de la aerol\u00ednea Lan Chile (hoy Latam), el canal de televisi\u00f3n Chilevisi\u00f3n, y Blanco y Negro, sociedad a cargo de uno de los clubes de f\u00fatbol m\u00e1s emblem\u00e1ticos del pa\u00eds, Colo-Colo.<\/p>\n<p><b>Fue presidente de Chile en dos per\u00edodos no consecutivos entre 2010-2014 y 2018-2022.<\/b>\u200b<\/p>\n","protected":false},"excerpt":{"rendered":"<p>El expresidente de Chile, Sebasti\u00e1n Pi\u00f1era,de 74 a\u00f1os, muri\u00f3\u00a0este martes al caerse el\u00a0helic\u00f3ptero que piloteaba. El accidente ocurri\u00f3 cerca de las 15, en la comuna de Lago Ranco, en la Regi\u00f3n de Los R\u00edos.\u00a0El gobierno de Gabriel Boric decret\u00f3\u00a0tres d\u00edas de duelo nacional\u00a0y funeral de Estado para el expresidente. El informe del Servicio Nacional de [&hellip;]<\/p>\n","protected":false},"author":2,"featured_media":22472,"comment_status":"open","ping_status":"open","sticky":false,"template":"","format":"standard","meta":{"footnotes":""},"categories":[70,64],"tags":[],"class_list":["post-22471","post","type-post","status-publish","format-standard","has-post-thumbnail","hentry","category-mundo","category-nacionales"],"_links":{"self":[{"href":"https:\/\/radiosurfm.com\/web\/wp-json\/wp\/v2\/posts\/22471","targetHints":{"allow":["GET"]}}],"collection":[{"href":"https:\/\/radiosurfm.com\/web\/wp-json\/wp\/v2\/posts"}],"about":[{"href":"https:\/\/radiosurfm.com\/web\/wp-json\/wp\/v2\/types\/post"}],"author":[{"embeddable":true,"href":"https:\/\/radiosurfm.com\/web\/wp-json\/wp\/v2\/users\/2"}],"replies":[{"embeddable":true,"href":"https:\/\/radiosurfm.com\/web\/wp-json\/wp\/v2\/comments?post=22471"}],"version-history":[{"count":0,"href":"https:\/\/radiosurfm.com\/web\/wp-json\/wp\/v2\/posts\/22471\/revisions"}],"wp:featuredmedia":[{"embeddable":true,"href":"https:\/\/radiosurfm.com\/web\/wp-json\/wp\/v2\/media\/22472"}],"wp:attachment":[{"href":"https:\/\/radiosurfm.com\/web\/wp-json\/wp\/v2\/media?parent=22471"}],"wp:term":[{"taxonomy":"category","embeddable":true,"href":"https:\/\/radiosurfm.com\/web\/wp-json\/wp\/v2\/categories?post=22471"},{"taxonomy":"post_tag","embeddable":true,"href":"https:\/\/radiosurfm.com\/web\/wp-json\/wp\/v2\/tags?post=22471"}],"curies":[{"name":"wp","href":"https:\/\/api.w.org\/{rel}","templated":true}]}}