{"id":22502,"date":"2024-02-08T17:51:21","date_gmt":"2024-02-08T20:51:21","guid":{"rendered":"https:\/\/radiosurfm.com\/web\/?p=22502"},"modified":"2024-02-08T17:51:21","modified_gmt":"2024-02-08T20:51:21","slug":"este-domingo-11-goya-prepara-la-septima-edicion-de-la-travesia-isoro","status":"publish","type":"post","link":"https:\/\/radiosurfm.com\/web\/2024\/02\/08\/este-domingo-11-goya-prepara-la-septima-edicion-de-la-travesia-isoro\/","title":{"rendered":"ESTE DOMINGO 11: Goya prepara la s\u00e9ptima edici\u00f3n de la Traves\u00eda Isor\u00f3"},"content":{"rendered":"<p>Los amantes de la naturaleza y la aventura tienen una cita ineludible: la &#8220;Traves\u00eda del Isor\u00f3&#8221; regresa para su s\u00e9ptima edici\u00f3n, prometiendo una experiencia inolvidable. Este evento n\u00e1utico es respaldado por el Ministerio de Turismo de Corrientes, la traves\u00eda busca destacar a la provincia como un destino de naturaleza por excelencia, perfecto para aprovechar en el contexto de un fin de semana largo.<\/p>\n<p>La traves\u00eda, que se extender\u00e1 durante aproximadamente 8 horas, permitir\u00e1 a los participantes explorar el coraz\u00f3n de la Reserva Natural Isor\u00f3. Aqu\u00ed, tendr\u00e1n la oportunidad de descubrir la riqueza y el potencial de una de las primeras reservas \u00edcticas de Argentina, recientemente designada como Reserva Provincial Isor\u00f3 gracias a la ley 6.555.<\/p>\n<p>Lo m\u00e1s destacado de este evento es su enfoque amigable con el r\u00edo y su compromiso con la preservaci\u00f3n del entorno natural. Adem\u00e1s, la declaraci\u00f3n de la Ley Provincial resalta el valor del Isor\u00f3 como un tesoro de la regi\u00f3n.<\/p>\n<p>La traves\u00eda, abierta a palistas amateurs, cubrir\u00e1 una distancia de 42 km a lo largo de los impresionantes paisajes de Riacho Goya, Paran\u00e1 y Arroyo Isor\u00f3.<\/p>\n<p>El recorrido ser\u00e1 de 42 km pasando por el riacho Goya, el r\u00edo Paran\u00e1 y el arroyo Isor\u00f3, y se navega aguas abajo en kayaks y piraguas. Parte desde la playa \u201cEl Ing\u00e1\u201d por la ma\u00f1ana, hasta llegar a destino, por la tarde, a la estancia \u201cEl Cerrito\u201d, desde donde se emprende el regreso a la ciudad en veh\u00edculos por tierra.<\/p>\n","protected":false},"excerpt":{"rendered":"<p>Los amantes de la naturaleza y la aventura tienen una cita ineludible: la &#8220;Traves\u00eda del Isor\u00f3&#8221; regresa para su s\u00e9ptima edici\u00f3n, prometiendo una experiencia inolvidable. Este evento n\u00e1utico es respaldado por el Ministerio de Turismo de Corrientes, la traves\u00eda busca destacar a la provincia como un destino de naturaleza por excelencia, perfecto para aprovechar en [&hellip;]<\/p>\n","protected":false},"author":2,"featured_media":22503,"comment_status":"open","ping_status":"open","sticky":false,"template":"","format":"standard","meta":{"footnotes":""},"categories":[56],"tags":[],"class_list":["post-22502","post","type-post","status-publish","format-standard","has-post-thumbnail","hentry","category-locales"],"_links":{"self":[{"href":"https:\/\/radiosurfm.com\/web\/wp-json\/wp\/v2\/posts\/22502","targetHints":{"allow":["GET"]}}],"collection":[{"href":"https:\/\/radiosurfm.com\/web\/wp-json\/wp\/v2\/posts"}],"about":[{"href":"https:\/\/radiosurfm.com\/web\/wp-json\/wp\/v2\/types\/post"}],"author":[{"embeddable":true,"href":"https:\/\/radiosurfm.com\/web\/wp-json\/wp\/v2\/users\/2"}],"replies":[{"embeddable":true,"href":"https:\/\/radiosurfm.com\/web\/wp-json\/wp\/v2\/comments?post=22502"}],"version-history":[{"count":0,"href":"https:\/\/radiosurfm.com\/web\/wp-json\/wp\/v2\/posts\/22502\/revisions"}],"wp:featuredmedia":[{"embeddable":true,"href":"https:\/\/radiosurfm.com\/web\/wp-json\/wp\/v2\/media\/22503"}],"wp:attachment":[{"href":"https:\/\/radiosurfm.com\/web\/wp-json\/wp\/v2\/media?parent=22502"}],"wp:term":[{"taxonomy":"category","embeddable":true,"href":"https:\/\/radiosurfm.com\/web\/wp-json\/wp\/v2\/categories?post=22502"},{"taxonomy":"post_tag","embeddable":true,"href":"https:\/\/radiosurfm.com\/web\/wp-json\/wp\/v2\/tags?post=22502"}],"curies":[{"name":"wp","href":"https:\/\/api.w.org\/{rel}","templated":true}]}}