{"id":22644,"date":"2024-02-16T19:06:09","date_gmt":"2024-02-16T22:06:09","guid":{"rendered":"https:\/\/radiosurfm.com\/web\/?p=22644"},"modified":"2024-02-16T19:06:09","modified_gmt":"2024-02-16T22:06:09","slug":"los-numeros-de-javier-milei","status":"publish","type":"post","link":"https:\/\/radiosurfm.com\/web\/2024\/02\/16\/los-numeros-de-javier-milei\/","title":{"rendered":"Los n\u00fameros de Javier Milei"},"content":{"rendered":"<p>A poco m\u00e1s de dos meses de que Javier Milei asumiera como presidente en la Rep\u00fablica Argentina, las cifras de las variables macro y microecon\u00f3micas no lo acompa\u00f1an. &#8220;Dato mata Relato: la Destrucci\u00f3n Avanza. En lo macro, todo mal. En lo micro, para los hogares y para las pymes, todo peor&#8221;, resume el\u00a0doctor en Econom\u00eda y director de\u00a0<b>CELAG Alfredo Serrano Mansilla<\/b>\u00a0al exponer un cuadro comparativo con algunos resultados de indicadores de actividad, consumo, precios y financiero antes y despu\u00e9s del 10 de diciembre del 2023.<\/p>\n<p>El\u00a0<b>tipo de cambio oficial\u00a0<\/b>se encontraba a 391 pesos por d\u00f3lar el 7 de diciembre, \u00faltimo d\u00eda h\u00e1bil del gobierno de Alberto Fern\u00e1ndez. Hacia el 14 de febrero, devaluaci\u00f3n mediante, aument\u00f3 a 880,6 pesos por d\u00f3lar, implicando una brutal depreciaci\u00f3n del peso, de 118 por ciento respecto al periodo anterior.<\/p>\n<div id=\"talkFireEvent\"><\/div>\n<div class=\"slot-available\"><\/div>\n<p>El\u00a0<b>riesgo pa\u00eds<\/b>,\u00a0un \u00edndice que sirve para dar a conocer el nivel de peligro que representa prestar dinero a gobiernos o empresas privadas de diferentes pa\u00edses del mundo que elaboran agencias crediticias privadas como JP Morgan, Standar&amp;Poors y Fitch (muy lejos de tomar alg\u00fan posicionamiento pol\u00edtico), subi\u00f3 m\u00e1s de sesenta puntos en dos meses, pasando de 1909 a 1971 hacia mediados de febrero.<\/p>\n<p>El\u00a0<b>rendimiento real del plazo fijo<\/b>, que sirve para resguardar los ahorros de la clase media, cay\u00f3 un 25,9 por ciento entre diciembre de 2023 y febrero de 2024. Entre octubre y noviembre de 2023 la tasa de inter\u00e9s hab\u00eda superado a la inflaci\u00f3n un 0,9 por ciento. Este dato es importante ya que, si es positiva, sirve para alentar ahorros en pesos y descomprime la compra de d\u00f3lares.<\/p>\n<div class=\"slot-available\"><\/div>\n<p>El\u00a0<b>consumo de cemento en el mercado interno<\/b>, las ventas minoristas pyme y en farmacias, variables funcionan como un term\u00f3metro de otros indicadores de consumo, se derrumbaron entre diciembre y febrero de 2024. El consumo de cemento, que superaba el mill\u00f3n de toneladas en noviembre; baj\u00f3 a 766.837 tn en enero. Las<b>\u00a0ventas pyme<\/b>\u00a0cayeron 28,5 por ciento en enero de 2024 comparado con el mismo mes de 2023. A pesar de considerarse un consumo mayormente inel\u00e1stico al tratarse de una necesidad b\u00e1sica, las\u00a0<b>ventas en farmacias\u00a0<\/b>tambi\u00e9n se derrumbaron: un 45,8 por ciento\u00a0interanual en enero 2024.<\/p>\n<p>Una de las contracaras de la ca\u00edda del consumo es el aumento de precios, uno de los datos m\u00e1s impactantes durante el poco tiempo de gesti\u00f3n de Javier Milei. Entre diciembre y enero de 2024 la\u00a0<b>inflaci\u00f3n\u00a0<\/b>acumulada calculada por el Indec super\u00f3 el 50 por ciento (51,4 por ciento). El bimestre anterior (octubre-noviembre 2023), ya con un r\u00e9gimen de inflaci\u00f3n alta, el acumulado fue la mitad, 22,2 por ciento. En esta linea, el\u00a0<b>precio de la nafta super\u00a0<\/b>m\u00e1s que se duplic\u00f3 en el periodo: pas\u00f3 de valer 311 pesos en estaciones de YPF CABA el 7 de diciembre, a 744 pesos el 14 de febrero.<\/p>\n<div class=\"slot-available\"><\/div>\n<p>La\u00a0<b>ca\u00edda del salario real del sector privado<\/b>\u00a0registrado acumul\u00f3 20 por ciento entre diciembre de 2023 y febrero de 2024, situaci\u00f3n que no avisora cambios teniendo en cuenta las nulas pol\u00edticas de ingreso y las estrategias de las paritarias del oficialismo (sin ir m\u00e1s lejos este jueves se suspendi\u00f3 la reuni\u00f3n del Consejo del Salario que define el precio del salario m\u00ednimo, por inoperancia de la Secretar\u00eda de Trabajo). La cantidad de boletos de colectivo que compra un salario m\u00ednimo en el AMBA cay\u00f3 de 2757 a 578 entre diciembre y febrero, aun sin los \u00faltimos aumentos anunciados.<\/p>\n<p>Finalmente, la cantidad de turistas en la temporada de verano tambi\u00e9n cay\u00f3 de 20,4 millones a 17 millones en enero de 2024.<\/p>\n","protected":false},"excerpt":{"rendered":"<p>A poco m\u00e1s de dos meses de que Javier Milei asumiera como presidente en la Rep\u00fablica Argentina, las cifras de las variables macro y microecon\u00f3micas no lo acompa\u00f1an. &#8220;Dato mata Relato: la Destrucci\u00f3n Avanza. En lo macro, todo mal. En lo micro, para los hogares y para las pymes, todo peor&#8221;, resume el\u00a0doctor en Econom\u00eda [&hellip;]<\/p>\n","protected":false},"author":2,"featured_media":22645,"comment_status":"open","ping_status":"open","sticky":false,"template":"","format":"standard","meta":{"footnotes":""},"categories":[65,64],"tags":[],"class_list":["post-22644","post","type-post","status-publish","format-standard","has-post-thumbnail","hentry","category-economia","category-nacionales"],"_links":{"self":[{"href":"https:\/\/radiosurfm.com\/web\/wp-json\/wp\/v2\/posts\/22644","targetHints":{"allow":["GET"]}}],"collection":[{"href":"https:\/\/radiosurfm.com\/web\/wp-json\/wp\/v2\/posts"}],"about":[{"href":"https:\/\/radiosurfm.com\/web\/wp-json\/wp\/v2\/types\/post"}],"author":[{"embeddable":true,"href":"https:\/\/radiosurfm.com\/web\/wp-json\/wp\/v2\/users\/2"}],"replies":[{"embeddable":true,"href":"https:\/\/radiosurfm.com\/web\/wp-json\/wp\/v2\/comments?post=22644"}],"version-history":[{"count":0,"href":"https:\/\/radiosurfm.com\/web\/wp-json\/wp\/v2\/posts\/22644\/revisions"}],"wp:featuredmedia":[{"embeddable":true,"href":"https:\/\/radiosurfm.com\/web\/wp-json\/wp\/v2\/media\/22645"}],"wp:attachment":[{"href":"https:\/\/radiosurfm.com\/web\/wp-json\/wp\/v2\/media?parent=22644"}],"wp:term":[{"taxonomy":"category","embeddable":true,"href":"https:\/\/radiosurfm.com\/web\/wp-json\/wp\/v2\/categories?post=22644"},{"taxonomy":"post_tag","embeddable":true,"href":"https:\/\/radiosurfm.com\/web\/wp-json\/wp\/v2\/tags?post=22644"}],"curies":[{"name":"wp","href":"https:\/\/api.w.org\/{rel}","templated":true}]}}