{"id":22766,"date":"2024-02-22T18:33:21","date_gmt":"2024-02-22T21:33:21","guid":{"rendered":"https:\/\/radiosurfm.com\/web\/?p=22766"},"modified":"2024-02-22T18:33:21","modified_gmt":"2024-02-22T21:33:21","slug":"suspenso-y-explosion-en-reflejo-de-un-pescador-atrapante-documental-inmerso-en-el-rio","status":"publish","type":"post","link":"https:\/\/radiosurfm.com\/web\/2024\/02\/22\/suspenso-y-explosion-en-reflejo-de-un-pescador-atrapante-documental-inmerso-en-el-rio\/","title":{"rendered":"Suspenso y explosi\u00f3n en &#8220;Reflejo de un pescador&#8221;, atrapante documental inmerso en el r\u00edo"},"content":{"rendered":"<p>&#8220;Reflejo de un pescador&#8221;, que llega a salas de estreno este jueves, sigue la aventura de Tulio, un pescador que lleva a cuesta sus anhelos y desencuentros, mientras se prepara para la Fiesta Nacional del Surub\u00ed, uno de los eventos m\u00e1s importantes de Corrientes y que los directores ba\u00f1an en suspenso.<\/p>\n<p>&#8220;En nuestras charlas para ver a cu\u00e1l pescador eleg\u00edamos, nos confesamos que algo hab\u00edamos sentido cuando entr\u00f3 Tulio al lugar donde hac\u00edamos el casting. Y as\u00ed fue. Elegimos a Tulio por su perfil de pescador, pero lo que nos sac\u00f3 de la duda fue esa energ\u00eda que sentimos con \u00e9l&#8221;, dijo a T\u00e9lam Benjam\u00edn Delgado, codirector de la pel\u00edcula junto a Luc\u00eda Cavallotti.<\/p>\n<p>Delgado quer\u00eda filmar algo en Goya, pueblo correntino de su infancia, y fue el cuarenta aniversario de la Fiesta del Surub\u00ed el detonante de la pel\u00edcula. Pero lejos de hacer un documental sobre la festividad, los directores prefirieron seguir la vida de un lugare\u00f1o enmarcada en el evento que re\u00fane a\u00f1o tras a\u00f1o a 3.000 pescadores de varios lugares del pa\u00eds.<\/p>\n<p>&#8220;La idea de hacer un documental -agreg\u00f3 el director- que involucrara de alguna forma a la Fiesta Nacional del Surub\u00ed ven\u00eda desde hac\u00eda muchos a\u00f1os. Hicimos un casting y all\u00ed fue que conocimos a Tulio. Lo entrevistamos y luego de \u00e9l empezaron a caer un sinn\u00famero de pescadores. De pronto, ya no ten\u00edamos tiempo libre y era una entrevista tras otra. Lo hicimos sin parar hasta que cay\u00f3 el sol. Al final del d\u00eda, miramos todas las entrevistas y est\u00e1bamos con algunas dudas, no sab\u00edamos a qui\u00e9n elegir&#8221;.<\/p>\n<p>Luego de conocer a Tulio, la pareja de directores grab\u00f3 durante cuatro a\u00f1os, entre 2015 y 2019, la competencia en el r\u00edo debido a la complejidad que ello conllevaba. Cientos de lanchas, con sus particularidades, rompen la calma y el silencio de Goya para adentrarse en los diversos brazos del Paran\u00e1. Sobre la calle, miles de fan\u00e1ticos y curiosos se acercan a verlos, tras lo cual esperan el desenlace, casi 24 horas m\u00e1s tarde, en la feria que se arma en las cercan\u00edas.<\/p>\n<p>Todo eso no se puede filmar de una vez y ante ello, tomaron la decisi\u00f3n de viajar en varias oportunidades para ubicar las c\u00e1maras en tantos lugares como fuera posible para captar el verdadero clima de lugar y su gente.<\/p>\n<p>&#8220;Cada viaje que hicimos filmamos la largada desde un \u00e1ngulo distinto. Entonces, un a\u00f1o lo filmamos desde el flotante de la ciudad. Al a\u00f1o siguiente desde otro \u00e1ngulo y as\u00ed. El mayor reto fue hacerlo desde arriba de la lancha, junto a Tulio. Hay much\u00edsimas restricciones en el r\u00edo el d\u00eda de la largada de lanchas, adem\u00e1s de que no dispon\u00edamos de las herramientas t\u00e9cnicas para filmar en una lancha en movimiento con semejante oleaje como el que se arma&#8221;, se\u00f1al\u00f3 Delgado.<\/p>\n<p>-\u00bfC\u00f3mo fue el rodaje en medio del r\u00edo?<\/p>\n<p>-Durante toda la pel\u00edcula hay un plano y el contraplano que, a veces, hay cuatro a\u00f1os de diferencia entre uno y otro. Lograr una continuidad y que esa diferencia de a\u00f1os no sea perceptible, ha sido un enorme desaf\u00edo. Tambi\u00e9n cabe aclarar que el equipo t\u00e9cnico de realizaci\u00f3n en el 80 por ciento de los viajes fuimos Luc\u00eda y yo. Ambos dirig\u00edamos, ella hac\u00eda sonido directo y yo fotograf\u00eda y c\u00e1mara. Hubo dos viajes donde pudimos sumar sonidistas y uno en donde vino un amigo nuestro a hacer fotograf\u00eda y c\u00e1mara. En otros dos m\u00e1s se sumaron c\u00e1maras adicionales, pero solo en momentos muy espec\u00edficos. Habitualmente \u00e9ramos un solo equipo de c\u00e1mara para cubrir todo el evento. Cada vez que se terminaba una actividad, ten\u00edamos que esperar un a\u00f1o entero para volver a completar lo que sea que nos hab\u00eda faltado. Ese elemento singular hac\u00eda que plane\u00e1ramos muy bien cada ida a Goya y que tuvi\u00e9ramos cierta presi\u00f3n en lograr nuestros objetivos en cada viaje. Este modelo de producci\u00f3n era el que pod\u00edamos lograr con los recursos que ten\u00edamos y lo aceptamos. Fue la forma en que hemos logrado este proyecto.<\/p>\n<p>-\u00bfC\u00f3mo pensaste la m\u00fasica y este montaje de &#8220;suspenso&#8221;?<\/p>\n<p>-La m\u00fasica es original, compuesta, grabada y producida para el proyecto por Manuel Farizano. Gran m\u00fasico y compositor, oriundo tambi\u00e9n de la ciudad de Goya. M\u00e1s all\u00e1 de sus aptitudes art\u00edsticas, este detalle era realmente importante ya que \u00e9l conoce la Fiesta, conoce el r\u00edo, estaba siguiendo nuestra pel\u00edcula y ya ven\u00edamos trabajando juntos a lo largo de los a\u00f1os en otros proyectos. La idea inicial fue que \u00e9l hiciera una primera propuesta libre siguiendo algunas referencias que le hab\u00edamos compartido. El resultado fue extremadamente maravilloso, acertado y ya cubr\u00eda much\u00edsimo. Por otro lado, las secuencias de \u201cpre-largada\u201d y \u201clargada de lanchas\u201d s\u00ed fueron bastante complejas y demandaron gran desarrollo y tiempo. Hay un crescendo en la comunicaci\u00f3n de informaci\u00f3n hacia el espectador y de pronto vemos a Tulio prepar\u00e1ndose para algo que no se anticipa.<\/p>\n<p>-\u00bfQu\u00e9 ense\u00f1anza te dej\u00f3 la vida de Tulio y de los pescadores?<\/p>\n<p>-Un gran aprendizaje que nos llevamos es que en la vida hay dos formas de hacer las cosas: fluyendo o forzando. La astucia radica en saber cu\u00e1ndo y c\u00f3mo usar uno y otro y, valga la redundancia, saber cu\u00e1ndo no forzar uno y entregarse al otro. Hemos planeado una infinidad de planos y escenas que, por alg\u00fan motivo u otro, no pod\u00edan ser o suceder c\u00f3mo lo hab\u00edamos planeado. Y se nos presentaban dos opciones: segu\u00edamos insistiendo en hacerlo c\u00f3mo lo hab\u00edamos planeado, o nos entreg\u00e1bamos a la forma en la que nos estaba sucediendo. Y all\u00ed entra en juego la sabidur\u00eda de Tulio, una persona que pasa m\u00e1s tiempo en la naturaleza que en la ciudad. Persona observadora y entendida del entorno a donde se arrima. Como bien dijo \u00e9l: \u201c\u2026el fluir del r\u00edo, es el fluir de mi vida\u2026\u201d<\/p>\n","protected":false},"excerpt":{"rendered":"<p>&#8220;Reflejo de un pescador&#8221;, que llega a salas de estreno este jueves, sigue la aventura de Tulio, un pescador que lleva a cuesta sus anhelos y desencuentros, mientras se prepara para la Fiesta Nacional del Surub\u00ed, uno de los eventos m\u00e1s importantes de Corrientes y que los directores ba\u00f1an en suspenso. &#8220;En nuestras charlas para [&hellip;]<\/p>\n","protected":false},"author":2,"featured_media":22767,"comment_status":"open","ping_status":"open","sticky":false,"template":"","format":"standard","meta":{"footnotes":""},"categories":[67,56],"tags":[],"class_list":["post-22766","post","type-post","status-publish","format-standard","has-post-thumbnail","hentry","category-cultura","category-locales"],"_links":{"self":[{"href":"https:\/\/radiosurfm.com\/web\/wp-json\/wp\/v2\/posts\/22766","targetHints":{"allow":["GET"]}}],"collection":[{"href":"https:\/\/radiosurfm.com\/web\/wp-json\/wp\/v2\/posts"}],"about":[{"href":"https:\/\/radiosurfm.com\/web\/wp-json\/wp\/v2\/types\/post"}],"author":[{"embeddable":true,"href":"https:\/\/radiosurfm.com\/web\/wp-json\/wp\/v2\/users\/2"}],"replies":[{"embeddable":true,"href":"https:\/\/radiosurfm.com\/web\/wp-json\/wp\/v2\/comments?post=22766"}],"version-history":[{"count":0,"href":"https:\/\/radiosurfm.com\/web\/wp-json\/wp\/v2\/posts\/22766\/revisions"}],"wp:featuredmedia":[{"embeddable":true,"href":"https:\/\/radiosurfm.com\/web\/wp-json\/wp\/v2\/media\/22767"}],"wp:attachment":[{"href":"https:\/\/radiosurfm.com\/web\/wp-json\/wp\/v2\/media?parent=22766"}],"wp:term":[{"taxonomy":"category","embeddable":true,"href":"https:\/\/radiosurfm.com\/web\/wp-json\/wp\/v2\/categories?post=22766"},{"taxonomy":"post_tag","embeddable":true,"href":"https:\/\/radiosurfm.com\/web\/wp-json\/wp\/v2\/tags?post=22766"}],"curies":[{"name":"wp","href":"https:\/\/api.w.org\/{rel}","templated":true}]}}