{"id":22815,"date":"2024-02-23T19:32:21","date_gmt":"2024-02-23T22:32:21","guid":{"rendered":"https:\/\/radiosurfm.com\/web\/?p=22815"},"modified":"2024-02-23T19:32:21","modified_gmt":"2024-02-23T22:32:21","slug":"paro-docente-dictan-la-conciliacion-obligatoria-para-garantizar-el-inicio-de-clases","status":"publish","type":"post","link":"https:\/\/radiosurfm.com\/web\/2024\/02\/23\/paro-docente-dictan-la-conciliacion-obligatoria-para-garantizar-el-inicio-de-clases\/","title":{"rendered":"Paro docente: dictan la conciliaci\u00f3n obligatoria para garantizar el inicio de clases"},"content":{"rendered":"<p>La Secretar\u00eda de Trabajo y Empleo de Corrientes declar\u00f3 este viernes la Conciliaci\u00f3n Obligatoria ante la convocatoria al paro docente de los gremios para el pr\u00f3ximo lunes 26, d\u00eda que est\u00e1 previsto el inicio de clases en toda la provincia.<\/p>\n<p>En el documento formal se determino adem\u00e1s una &#8220;Audiencia de conciliaci\u00f3n obligatoria&#8221; que se realizar\u00e1 el d\u00eda lunes 4 de marzo a las 9.<\/p>\n<p>Sin embargo, el Sindicato \u00danico de Trabajadores de la Educaci\u00f3n de Corrientes (Suteco) adelant\u00f3 que no acatar\u00e1 la medida por considerarla &#8220;fuera de los plazos establecidos por ley&#8221;.<\/p>\n<p>La Secretar\u00eda de Trabajo y Empleo de la provincia de Corrientes emiti\u00f3 la Disposici\u00f3n 23\/2024 en la cual declara la \u201cconciliaci\u00f3n obligatoria en el conflicto entre las entidades sindicales\u201d del sector docente y los ministerios de Educaci\u00f3n y de Hacienda y Finanzas, estableciendo que dichos gremios deber\u00e1n \u201cproceder al levantamiento de la medida sindical de acci\u00f3n directa dispuesta\u201d por los mismos para el pr\u00f3ximo lunes, inicio de clases en la provincia.<\/p>\n<p>Ya se concretaron las debidas notificaciones y la autoridad provincial de aplicaci\u00f3n aclar\u00f3 que el objetivo es \u201cgarantizar la paz social\u201d mediante \u201cun acuerdo que solucione el conflicto de origen\u201d, indic\u00f3 el Gobierno en un comunicado.<\/p>\n<p>Tambi\u00e9n detalla entre sus considerandos que \u201cla autoridad de aplicaci\u00f3n ha tomado conocimiento a trav\u00e9s de las presentaciones efectuadas en las actuaciones de referencia por las representaciones sindicales Asociaci\u00f3n Correntina de Docentes Provinciales (Acdp), Asociaci\u00f3n del Magisterio de Ense\u00f1anza T\u00e9cnica (Amet) Sindicato \u00danico de Trabajadores de la Educaci\u00f3n de Corrientes (Suteco), en la cual ponen de manifiesto ante esta autoridad de aplicaci\u00f3n que efectuar\u00e1n de una medida de acci\u00f3n directa consistente en la no iniciaci\u00f3n del ciclo lectivo a las resultas de la mesa de negociaciones que ha pasado a cuarto intermedio con el Gobierno de la provincia\u201d.<\/p>\n<p>Teniendo en cuenta que dichos gremios anunciaron un paro para el lunes, d\u00eda que iniciar\u00e1n las clases en Corrientes, la Secretar\u00eda de Trabajo y Empleo sostuvo en esta disposici\u00f3n que \u201cel conflicto colectivo de trabajo suscitado es de extrema gravedad por las caracter\u00edsticas de la actividad de que se trata. Por consiguiente, resulta necesario disponer las medidas pertinentes para promover una soluci\u00f3n pac\u00edfica y legal al conflicto planteado\u201d.<\/p>\n<p>Y aclara que \u201cel objetivo primordial de este procedimiento, no s\u00f3lo es tratar de avenir a las partes para que lleguen a un acuerdo que solucione el conflicto de origen, sino, y en primer t\u00e9rmino, garantizar la paz social atendiendo a la necesidad publica de contrarrestar eventuales desbordes que puedan suscitar las acciones de las partes&#8221;. Cabe se\u00f1alar que el titular del organismo provincial, Juan David Rajoy, confirm\u00f3 que los mencionados sindicatos ya fueron notificados de esta disposici\u00f3n.<\/p>\n<p>Suteco<\/p>\n<p>Por su parte el Sindicato \u00danico de Trabajadores de la Educaci\u00f3n de Corrientes (Suteco) inform\u00f3 que la Conciliaci\u00f3n Obligatoria emitida este viernes por la Secretar\u00eda de Trabajo de la Provincia fue realizada fuera de los plazos establecidos por ley.<\/p>\n<p>Ante la extemporaneidad de la disposici\u00f3n, el Suteco mantiene firme la convocatoria al Paro General Docente con Movilizaci\u00f3n convocado para el lunes 26 de febrero en todo el \u00e1mbito de la Provincia de Corrientes.<\/p>\n<p>Adem\u00e1s, el gremio se\u00f1al\u00f3 que adhiere al Paro Nacional Docente para el lunes 26 de febrero convocada por la Confederaci\u00f3n de Trabajadores de la Educaci\u00f3n (Ctera) en demanda de Paritaria Nacional, suba de Salario Inicial, reposici\u00f3n del Fondo de Compensaci\u00f3n Salarial Docente, del Fondo Nacional de Incentivo Docente, Conectividad y Material Did\u00e1ctico (Leyes 25.053 y 26.075); de la paralizaci\u00f3n de obras y del Fondo de Infraestructura Educativa; de Programas Educativos, de Fondo para Comedores Escolares que fueron suspendidos por el Estado Nacional.<\/p>\n<p>No obstante, adelant\u00f3 que acepta la convocatoria al di\u00e1logo y espacios de negociaci\u00f3n de mejoras salariales y laborales propuesto por la Secretar\u00eda de Trabajo, el Ministerio de Educaci\u00f3n y el Ministerio de Hacienda de la Provincia de Corrientes.<\/p>\n","protected":false},"excerpt":{"rendered":"<p>La Secretar\u00eda de Trabajo y Empleo de Corrientes declar\u00f3 este viernes la Conciliaci\u00f3n Obligatoria ante la convocatoria al paro docente de los gremios para el pr\u00f3ximo lunes 26, d\u00eda que est\u00e1 previsto el inicio de clases en toda la provincia. En el documento formal se determino adem\u00e1s una &#8220;Audiencia de conciliaci\u00f3n obligatoria&#8221; que se realizar\u00e1 [&hellip;]<\/p>\n","protected":false},"author":2,"featured_media":22637,"comment_status":"open","ping_status":"open","sticky":false,"template":"","format":"standard","meta":{"footnotes":""},"categories":[72],"tags":[],"class_list":["post-22815","post","type-post","status-publish","format-standard","has-post-thumbnail","hentry","category-provinciales"],"_links":{"self":[{"href":"https:\/\/radiosurfm.com\/web\/wp-json\/wp\/v2\/posts\/22815","targetHints":{"allow":["GET"]}}],"collection":[{"href":"https:\/\/radiosurfm.com\/web\/wp-json\/wp\/v2\/posts"}],"about":[{"href":"https:\/\/radiosurfm.com\/web\/wp-json\/wp\/v2\/types\/post"}],"author":[{"embeddable":true,"href":"https:\/\/radiosurfm.com\/web\/wp-json\/wp\/v2\/users\/2"}],"replies":[{"embeddable":true,"href":"https:\/\/radiosurfm.com\/web\/wp-json\/wp\/v2\/comments?post=22815"}],"version-history":[{"count":0,"href":"https:\/\/radiosurfm.com\/web\/wp-json\/wp\/v2\/posts\/22815\/revisions"}],"wp:featuredmedia":[{"embeddable":true,"href":"https:\/\/radiosurfm.com\/web\/wp-json\/wp\/v2\/media\/22637"}],"wp:attachment":[{"href":"https:\/\/radiosurfm.com\/web\/wp-json\/wp\/v2\/media?parent=22815"}],"wp:term":[{"taxonomy":"category","embeddable":true,"href":"https:\/\/radiosurfm.com\/web\/wp-json\/wp\/v2\/categories?post=22815"},{"taxonomy":"post_tag","embeddable":true,"href":"https:\/\/radiosurfm.com\/web\/wp-json\/wp\/v2\/tags?post=22815"}],"curies":[{"name":"wp","href":"https:\/\/api.w.org\/{rel}","templated":true}]}}