{"id":22851,"date":"2024-02-26T18:00:20","date_gmt":"2024-02-26T21:00:20","guid":{"rendered":"https:\/\/radiosurfm.com\/web\/?p=22851"},"modified":"2024-02-26T18:00:20","modified_gmt":"2024-02-26T21:00:20","slug":"corrientes-alta-adhesion-al-paro-docente-convocado-por-suteco-y-ctera","status":"publish","type":"post","link":"https:\/\/radiosurfm.com\/web\/2024\/02\/26\/corrientes-alta-adhesion-al-paro-docente-convocado-por-suteco-y-ctera\/","title":{"rendered":"Corrientes: alta adhesi\u00f3n al paro docente convocado por SUTECO y CTERA"},"content":{"rendered":"<p>El Sindicato \u00danico de Trabajadores de la Educaci\u00f3n de Corrientes (SUTECO) concret\u00f3, este lunes 26 de febrero, la jornada nacional de huelga docente con marchas en calles de la Capital y de varias ciudades del interior de Corrientes.<\/p>\n<p>La medida de fuerza -que a nivel nacional fue convocada por la CTERA- logr\u00f3 &#8220;una adhesi\u00f3n contundente, mayor al 80% en toda la Provincia; a pesar de las amenas de sanciones, los aprietes y la confusi\u00f3n generada por la conciliaci\u00f3n obligatoria provincial que fue extempor\u00e1nea&#8221;, inform\u00f3 el secretario general Fernando Ram\u00edrez durante la manifestaci\u00f3n que el SUTECO encabez\u00f3 en Capital acompa\u00f1ado por la CTA de los Trabajadores, la Multisectorial, organizaciones sociales, estudiantiles y otras entidades gremiales.<\/p>\n<p>El SUTECO plante\u00f3 ante los ministerios de Educaci\u00f3n, Hacienda y Casa de Gobierno las demandas de aumento salarial acorde al \u00edndice de inflaci\u00f3n; Salario Inicial arriba de la L\u00ednea de Pobreza, \u00cdtem de Movilidad en el haber; actualizaci\u00f3n mensual del sueldo estatal, rechazo al pago del sueldo en cuotas y con montos en negro; pleno funcionamiento del IOSCOR; 82% m\u00f3vil real para los jubilados docentes, inversi\u00f3n para poner en \u00f3ptimas condiciones sanitarias y edilicias las escuelas; entre otros.<\/p>\n<p>En lo que va de la administraci\u00f3n del Javier Milei &#8220;nos licuaron m\u00e1s del 80% del salario con devaluaci\u00f3n, inflaci\u00f3n, recortando financiamiento para salarios, sin Paritarias. Y en Corrientes solo ofrecen 25% de actualizaci\u00f3n. Estamos 50 puntos abajo del aumento del costo de vida. En Corrientes el Salario Inicial est\u00e1 en la l\u00ednea de indigencia&#8221;, explic\u00f3 Fernando Ram\u00edrez en di\u00e1logo con la prensa.<\/p>\n<p>El Secretario General del SUTECO le pidi\u00f3 &#8220;al Gobernador que tenga el coraje de defender los intereses de Corrientes&#8221;. &#8220;El Gobernador debe plantarse ante un Gobierno Nacional autoritario y unitario para que env\u00eden a Corrientes el Fondo de Compensaci\u00f3n Salarial Docente, del Fondo Nacional de Incentivo Docente, Conectividad y Material Did\u00e1ctico (Leyes 25.053, 26.075, 26.206); que terminen las escuelas nuevas que estaban en construcci\u00f3n en Corrientes, que reactiven los Programas de inclusi\u00f3n educativa, los Fondos para Comedores Escolares que fueron suspendidos y todas las herramientas de financiamiento educativos que conquistamos los docentes con 1003 d\u00edas de Carpa Blanca y la lucha de los \u00faltimos 20 a\u00f1os&#8221;.<\/p>\n<p>&#8220;El Gobernador Vald\u00e9s debe dejar de hociquear ante Javier Milei. Debe imitar la actitud del Gobernador de Chubut, porque nos est\u00e1n robando $57.000 millones a la Educaci\u00f3n de Corrientes. Hay que defender el Federalismo, la Democracia, la Autonom\u00eda de las Provincias. Y nosotros vamos a seguir luchando por el financiamiento para una educaci\u00f3n p\u00fablica, gratuita y de calidad&#8221;, complet\u00f3 Fernando Ram\u00edrez en di\u00e1logo con medios de comunicaci\u00f3n durante la marcha en Capital.<\/p>\n<p>En localidades del interior la adhesi\u00f3n al paro alcanz\u00f3 el 90%, tambi\u00e9n se realizaron marchas y asambleas en calles, plazas, frente a escuelas y espacios p\u00fablicos. Durante la jornada de lucha el SUTECO, junto a la CTERA y la CTA de los Trabajadores, ratific\u00f3 su pliego de demandas:<\/p>\n<div>\nSuba del 50% al Salario B\u00e1sico<br \/>\nQue los $150.000 del bono de fin de a\u00f1o, se incorporen como suma fija remunerativa<br \/>\nSalario Inicial de $600.000 (acorde a la Canasta Familiar Total \/ L\u00ednea de Pobreza)<br \/>\nIgual valor de Salario Inicial en hasta dos cargos<br \/>\nIncorporaci\u00f3n del \u00edtem Movilidad para docentes<br \/>\nCl\u00e1usula de actualizaci\u00f3n salarial mensual atada al \u00edndice de inflaci\u00f3n real<br \/>\nIncorporaci\u00f3n de plus a la estructura del haber y fin del pago del sueldo en cuotas<br \/>\nVacuna gratis contra el Dengue para docentes, directivos, administrativos y auxiliares<br \/>\n82% m\u00f3vil real hasta en los dos cargos para jubilados<br \/>\nPrestaciones m\u00e9dicas del IOSCOR en todas las localidades de la Provincia<br \/>\nInversi\u00f3n en infraestructura escolar para poner en \u00f3ptimas condiciones edilicias, sanitarias y ambientales de las escuelas<br \/>\nDescentralizaci\u00f3n de Contralor M\u00e9dico a trav\u00e9s de los hospitales p\u00fablicos<br \/>\nIncorporaci\u00f3n de porteros, gabinete psicopedag\u00f3gico, auxiliares docentes a las escuelas<\/div>\n","protected":false},"excerpt":{"rendered":"<p>El Sindicato \u00danico de Trabajadores de la Educaci\u00f3n de Corrientes (SUTECO) concret\u00f3, este lunes 26 de febrero, la jornada nacional de huelga docente con marchas en calles de la Capital y de varias ciudades del interior de Corrientes. La medida de fuerza -que a nivel nacional fue convocada por la CTERA- logr\u00f3 &#8220;una adhesi\u00f3n contundente, [&hellip;]<\/p>\n","protected":false},"author":2,"featured_media":22852,"comment_status":"open","ping_status":"open","sticky":false,"template":"","format":"standard","meta":{"footnotes":""},"categories":[72],"tags":[],"class_list":["post-22851","post","type-post","status-publish","format-standard","has-post-thumbnail","hentry","category-provinciales"],"_links":{"self":[{"href":"https:\/\/radiosurfm.com\/web\/wp-json\/wp\/v2\/posts\/22851","targetHints":{"allow":["GET"]}}],"collection":[{"href":"https:\/\/radiosurfm.com\/web\/wp-json\/wp\/v2\/posts"}],"about":[{"href":"https:\/\/radiosurfm.com\/web\/wp-json\/wp\/v2\/types\/post"}],"author":[{"embeddable":true,"href":"https:\/\/radiosurfm.com\/web\/wp-json\/wp\/v2\/users\/2"}],"replies":[{"embeddable":true,"href":"https:\/\/radiosurfm.com\/web\/wp-json\/wp\/v2\/comments?post=22851"}],"version-history":[{"count":0,"href":"https:\/\/radiosurfm.com\/web\/wp-json\/wp\/v2\/posts\/22851\/revisions"}],"wp:featuredmedia":[{"embeddable":true,"href":"https:\/\/radiosurfm.com\/web\/wp-json\/wp\/v2\/media\/22852"}],"wp:attachment":[{"href":"https:\/\/radiosurfm.com\/web\/wp-json\/wp\/v2\/media?parent=22851"}],"wp:term":[{"taxonomy":"category","embeddable":true,"href":"https:\/\/radiosurfm.com\/web\/wp-json\/wp\/v2\/categories?post=22851"},{"taxonomy":"post_tag","embeddable":true,"href":"https:\/\/radiosurfm.com\/web\/wp-json\/wp\/v2\/tags?post=22851"}],"curies":[{"name":"wp","href":"https:\/\/api.w.org\/{rel}","templated":true}]}}