{"id":22874,"date":"2024-02-26T18:54:27","date_gmt":"2024-02-26T21:54:27","guid":{"rendered":"https:\/\/radiosurfm.com\/web\/?p=22874"},"modified":"2024-02-26T18:54:27","modified_gmt":"2024-02-26T21:54:27","slug":"dnu-70-23-senadores-de-bloques-provinciales-le-reclamaron-una-sesion-a-villarruel","status":"publish","type":"post","link":"https:\/\/radiosurfm.com\/web\/2024\/02\/26\/dnu-70-23-senadores-de-bloques-provinciales-le-reclamaron-una-sesion-a-villarruel\/","title":{"rendered":"DNU 70\/23: senadores de bloques provinciales le reclamaron una sesi\u00f3n a Villarruel"},"content":{"rendered":"<p><b>Senadores del radicalismo, el peronismo disidente y partidos provinciales<\/b>\u00a0le reclamaron<b>\u00a0a la vicepresidenta Victoria Villarruel que convoque a sesi\u00f3n especial para debatir el decreto de necesidad y urgencia 70\/23<\/b>\u00a0firmado por el presidente Javier Milei apenas asumi\u00f3 en diciembre del a\u00f1o pasado.<\/p>\n<p>La nota fue enviada el viernes a \u00faltima hora, pero ingres\u00f3 esta ma\u00f1ana a la C\u00e1mara alta y reclama<b>\u00a0&#8220;seg\u00fan lo establecido en el art\u00edculo 19 y 20 del Reglamento, en virtud de su facultad, convocar a una sesi\u00f3n especial&#8221; para tratar el DNU.<\/b><\/p>\n<p>&nbsp;<\/p>\n<div id=\"talkFireEvent\"><\/div>\n<h2>Los senadores que firmaron<\/h2>\n<p><b>La mayor\u00eda de los firmantes pertenecen a provincias patag\u00f3nicas<\/b><\/p>\n<p>, a excepci\u00f3n de dos misioneros y los tres peronistas disidentes.<\/p>\n<div class=\"slot-available\"><\/div>\n<p>Se trata de los santacruce\u00f1os Natalia Gadano y Jos\u00e9 Mar\u00eda Carambia, de Por Santa Cruz; el radical fueguino Pablo Blanco; la representante de Juntos Somos R\u00edo Negro, M\u00f3nica Silva; y los peronistas disidentes Edgardo Kueider (Entre R\u00edos), Carlos Esp\u00ednola (Corrientes) y Alejandra Vigo (C\u00f3rdoba).<\/p>\n<p>Tambi\u00e9n estamparon su firma los misioneros del Frente Renovador de la Concordia, Carlos Arce y Sonia Rojas Decut.<\/p>\n<p>En cambio, no fueron de la partida los chubutenses Andrea Cristina (PRO) y Edith Terenzi (UCR).<\/p>\n<div class=\"slot-available\"><\/div>\n<p>&nbsp;<\/p>\n<h2>El tratamiento del DNU<\/h2>\n<p>El reglamento le otorga a la Vicepresidenta de la Naci\u00f3n, como presidenta del Senado, la facultad de establecer d\u00eda y hora de la convocatoria a la sesi\u00f3n, algo que fue parte de la discusi\u00f3n con Uni\u00f3n por la Patria y sus reclamos anteriores.<\/p>\n<p>Adem\u00e1s, la Bicameral de Seguimiento de los Decretos de Necesidad y Urgencia, que se convoc\u00f3 la semana pasada, comenzar\u00e1 este jueves, formalmente, a debatir la legalidad del DNU de Milei, as\u00ed como decenas de normativas similares enviadas por el gobierno de Alberto Fern\u00e1ndez.<\/p>\n<div class=\"slot-available\"><\/div>\n<p>El presidente del bloque de Uni\u00f3n por la Patria, Jos\u00e9 Mayans, encabeza desde hace semanas la voz de la oposici\u00f3n para exigir que Villaruel convoque a la sesi\u00f3n requerida por ese bloque para tratar el DNU. \u201cNosotros le pedimos a la vicepresidenta que llame a la sesi\u00f3n, pero ella opina que tienen que pedirlo todos los bloques, no s\u00e9 de donde saca eso, porque con 5 senadores alcanza\u201d, le apunt\u00f3 Mayans a inicios de mes.<\/p>\n<p>A pesar de los reclamos de Uni\u00f3n por la Patria, la vicepresidenta y titular del Senado convoc\u00f3 a la reuni\u00f3n preparatoria de la C\u00e1mara alta, en la que se designaron las autoridades, reci\u00e9n la semana pasada. La carta de los senadores opositores ahora suma presi\u00f3n para poner en marcha el tratamiento del DNU.<\/p>\n<h2>La denunciada conformaci\u00f3n de la Bicameral<\/h2>\n<p>En ese sentido, tambi\u00e9n la semana pasada, hubo un avance respecto del tratamiento del decreto presidencial de desregulaci\u00f3n econ\u00f3mica. La Comisi\u00f3n Bicameral de Tratamiento Legislativo design\u00f3 al senador de La Libertad Avanza Juan Carlos Pagotto como titular a cargo del ese cuerpo, que tiene a cargo la revisi\u00f3n del DNU.<\/p>\n<div class=\"slot-available\"><\/div>\n<p>Tras esa designaci\u00f3n, los bloques del peronismo y el kirchnerismo rechazaron la conformaci\u00f3n al considerar que se\u00a0hab\u00eda &#8220;vulnerado&#8221; la representaci\u00f3n que les corresponde, ya que desde Uni\u00f3n por la Patria reclaman que les corresponde tener 4 diputados y 4 senadores, pero les otorgaron 6 de los 16 miembros que conforman el organismo parlamentario.<\/p>\n<p>&#8220;No vamos a participar de ninguna votaci\u00f3n de autoridades de esta Bicameral de DNU, porque claramente est\u00e1n violando la representatividad popular de nuestros bloques&#8221;, adelant\u00f3 la senadora del Frente de Todos, Anabel Fern\u00e1ndez Sagasti.<\/p>\n<p>Adem\u00e1s, la designaci\u00f3n de Pagotto fue objetada por las diputadas de izquierda Myriam Bregman y Romina del Pla, quienes pidieron leer una carta de organismos de derechos humanos que\u00a0objetan al senador riojano por haber sido abogado defensor de exmilitares y funcionarios de la dictadura militar\u00a0en juicios por delitos de lesa humanidad.<\/p>\n<div class=\"slot-available\"><\/div>\n<p>La Secretar\u00eda de Derechos Humanos de la Provincia de La Rioja, Madres de Plaza de Mayo (L\u00ednea Fundadora), el Movimiento Ecum\u00e9nico por los Derechos Humanos, H.I.J.O.S. Capital y el Grupo de Curas en Opci\u00f3n por los Pobres declararon su &#8220;preocupaci\u00f3n y repudio&#8221; por la designaci\u00f3n. Mientras que la organizaci\u00f3n H.I.J.O.S Capital record\u00f3 que\u00a0 Pagotto &#8220;calific\u00f3 al fallo &#8216;Mui\u00f1a&#8217; de la Corte Suprema de Justicia &#8211;que hab\u00eda habilitado el beneficio del\u00a02&#215;1 para los genocidas&#8211;\u00a0como &#8216;jur\u00eddicamente inobjetable'&#8221;.<\/p>\n","protected":false},"excerpt":{"rendered":"<p>Senadores del radicalismo, el peronismo disidente y partidos provinciales\u00a0le reclamaron\u00a0a la vicepresidenta Victoria Villarruel que convoque a sesi\u00f3n especial para debatir el decreto de necesidad y urgencia 70\/23\u00a0firmado por el presidente Javier Milei apenas asumi\u00f3 en diciembre del a\u00f1o pasado. La nota fue enviada el viernes a \u00faltima hora, pero ingres\u00f3 esta ma\u00f1ana a la [&hellip;]<\/p>\n","protected":false},"author":2,"featured_media":22875,"comment_status":"open","ping_status":"open","sticky":false,"template":"","format":"standard","meta":{"footnotes":""},"categories":[64,66],"tags":[],"class_list":["post-22874","post","type-post","status-publish","format-standard","has-post-thumbnail","hentry","category-nacionales","category-politica-nacionales"],"_links":{"self":[{"href":"https:\/\/radiosurfm.com\/web\/wp-json\/wp\/v2\/posts\/22874","targetHints":{"allow":["GET"]}}],"collection":[{"href":"https:\/\/radiosurfm.com\/web\/wp-json\/wp\/v2\/posts"}],"about":[{"href":"https:\/\/radiosurfm.com\/web\/wp-json\/wp\/v2\/types\/post"}],"author":[{"embeddable":true,"href":"https:\/\/radiosurfm.com\/web\/wp-json\/wp\/v2\/users\/2"}],"replies":[{"embeddable":true,"href":"https:\/\/radiosurfm.com\/web\/wp-json\/wp\/v2\/comments?post=22874"}],"version-history":[{"count":0,"href":"https:\/\/radiosurfm.com\/web\/wp-json\/wp\/v2\/posts\/22874\/revisions"}],"wp:featuredmedia":[{"embeddable":true,"href":"https:\/\/radiosurfm.com\/web\/wp-json\/wp\/v2\/media\/22875"}],"wp:attachment":[{"href":"https:\/\/radiosurfm.com\/web\/wp-json\/wp\/v2\/media?parent=22874"}],"wp:term":[{"taxonomy":"category","embeddable":true,"href":"https:\/\/radiosurfm.com\/web\/wp-json\/wp\/v2\/categories?post=22874"},{"taxonomy":"post_tag","embeddable":true,"href":"https:\/\/radiosurfm.com\/web\/wp-json\/wp\/v2\/tags?post=22874"}],"curies":[{"name":"wp","href":"https:\/\/api.w.org\/{rel}","templated":true}]}}