{"id":22985,"date":"2024-02-29T21:02:53","date_gmt":"2024-03-01T00:02:53","guid":{"rendered":"https:\/\/radiosurfm.com\/web\/?p=22985"},"modified":"2024-02-29T21:02:53","modified_gmt":"2024-03-01T00:02:53","slug":"javier-milei-admitio-que-planea-gobernar-por-decreto","status":"publish","type":"post","link":"https:\/\/radiosurfm.com\/web\/2024\/02\/29\/javier-milei-admitio-que-planea-gobernar-por-decreto\/","title":{"rendered":"Javier Milei admiti\u00f3 que planea gobernar por decreto"},"content":{"rendered":"<p><b>El presidente\u00a0Javier Milei<\/b>\u00a0dijo que &#8220;mientras el Congreso tenga su composici\u00f3n actual&#8221; va a ser &#8220;dif\u00edcil aprobar las reformas&#8221; que propone su Gobierno, por lo que<b>\u00a0adelant\u00f3 que planea avanzar con decretos para consolidar su ajuste.<\/b><\/p>\n<p>En una entrevista que brind\u00f3 al medio brit\u00e1nico Financial Times, Milei plante\u00f3 que tras el fracasado debate del proyecto de Ley \u00d3mnibus qued\u00f3 claro que &#8220;los pol\u00edticos no tienen problema en da\u00f1ar los intereses de los argentinos para mantener sus privilegios&#8221;. &#8220;<b>Mientras el Congreso tenga su composici\u00f3n actual, creemos que es dif\u00edcil aprobar reformas&#8221;<\/b>, expres\u00f3 el mandatario y sentenci\u00f3 que\u00a0<b>&#8220;hay otras reformas que podemos hacer por decreto&#8221;.<\/b><\/p>\n<div class=\"slot-available\"><\/div>\n<h2>Milei no ve el impacto de su ajuste<\/h2>\n<p><b>Milei difundi\u00f3 a trav\u00e9s de la red social X la nota publicada por el Financial Times<\/b>, en la que consider\u00f3 que hay &#8220;cero posibilidades de que se produzca un levantamiento social&#8221; en respuesta a las pol\u00edticas impulsadas por su Gobierno a menos que haya &#8220;un evento con motivaciones pol\u00edticas&#8221;.<\/p>\n<div id=\"ad-slot-video_inread\" class=\"ad-slot-video_inread ad-slot\" data-adzonerun=\"1\" data-adtype=\"video_inread\" data-google-query-id=\"CIfUp53g0YQDFTGllQIdd10E3g\">\n<div id=\"google_ads_iframe_\/349353471\/p12\/nota_video_inread_0__container__\"><iframe id=\"google_ads_iframe_\/349353471\/p12\/nota_video_inread_0\" tabindex=\"0\" title=\"3rd party ad content\" name=\"google_ads_iframe_\/349353471\/p12\/nota_video_inread_0\" width=\"1\" height=\"1\" frameborder=\"0\" marginwidth=\"0\" marginheight=\"0\" scrolling=\"no\" aria-label=\"Advertisement\" data-load-complete=\"true\" data-google-container-id=\"4\" data-mce-fragment=\"1\"><\/iframe><\/div>\n<\/div>\n<p><b>&#8220;Hay cero posibilidades de que se produzca un levantamiento social,<\/b>\u00a0a menos que haya un evento con motivaciones pol\u00edticas o infiltrados extranjeros&#8221;, afirm\u00f3 Milei, quien en tono conspiran\u00f3ico dijo que &#8220;los gobiernos de izquierda trabajan juntos para intentar sabotear a los que no son como ellos&#8221;.<\/p>\n<div class=\"slot-available\"><\/div>\n<h2>El Congreso puede esperar a 2025<\/h2>\n<p>Milei se refiri\u00f3 a las dificultades para poder avanzar en el Congreso con el debate del proyecto de Ley \u00d3mnibus y asegur\u00f3 que espera\u00a0<b>&#8220;devolver todas las reformas despu\u00e9s del 11 de diciembre de 2025&#8221;<\/b>\u00a0luego de las elecciones intermedias ya que restan &#8220;3.000 m\u00e1s por presentar&#8221;.<br \/>\n<b><br \/>\n&#8220;En el largo plazo se necesita el Congreso&#8221;<\/b>, subray\u00f3 un d\u00eda antes del discurso que pronunciar\u00e1 frente al Parlamento en la apertura de las sesiones ordinarias.<\/p>\n<h2>Un tuit sobre la inflaci\u00f3n<\/h2>\n<p>&#8220;La inflaci\u00f3n es siempre y en todo lugar un fen\u00f3meno monetario que surge de un exceso de oferta de dinero que hace que el poder adquisitivo de la moneda caiga y con ello todos los precios expresados en unidades de moneda local suban&#8221;, tuite\u00f3 el Presidente. En esa l\u00ednea, argument\u00f3 que &#8220;si no erran la matem\u00e1tica ver\u00e1n la luz al final del camino&#8221;.<\/p>\n<div class=\"iframely-embed medium-embedded-content\" data-html=\"Jmx0O2Jsb2NrcXVvdGUgY2xhc3M9InR3aXR0ZXItdHdlZXQiIGRhdGEtZG50PSJ0cnVlIiBhbGlnbj0iY2VudGVyIiZndDsmbHQ7cCBsYW5nPSJlcyIgZGlyPSJsdHIiJmd0O0TDk0xBUiBFIElORkxBQ0nDk04mbHQ7YnImZ3Q7TGEgaW5mbGFjacOzbiBlcyBzaWVtcHJlIHkgZW4gdG9kbyBsdWdhciB1biBmZW7Ds21lbm8gbW9uZXRhcmlvIHF1ZSBzdXJnZSBkZSB1biBleGNlc28gZGUgb2ZlcnRhIGRlIGRpbmVybyBxdWUgaGFjZSBxdWUgZWwgcG9kZXIgYWRxdWlzaXRpdm8gZGUgbGEgbW9uZWRhIGNhaWdhIHkgY29uIGVsbG8gdG9kb3MgbG9zIHByZWNpb3MgZXhwcmVzYWRvcyBlbiB1bmlkYWRlcyBkZSBtb25lZGEgbG9jYWwgc3ViYW4uIEVsIGTDs2xhciBhbCBzZXIgdW4gYWN0aXZv4oCmJmx0Oy9wJmd0OyZhbXA7bWRhc2g7IEphdmllciBNaWxlaSAoQEpNaWxlaSkgJmx0O2EgaHJlZj0iaHR0cHM6Ly90d2l0dGVyLmNvbS9KTWlsZWkvc3RhdHVzLzE3NjMxODc0NTY0MjQyMjY5ODA\/cmVmX3NyYz10d3NyYyU1RXRmdyImZ3Q7RmVicnVhcnkgMjksIDIwMjQmbHQ7L2EmZ3Q7Jmx0Oy9ibG9ja3F1b3RlJmd0OwombHQ7c2NyaXB0IGFzeW5jIHNyYz0iaHR0cHM6Ly9wbGF0Zm9ybS50d2l0dGVyLmNvbS93aWRnZXRzLmpzIiBjaGFyc2V0PSJ1dGYtOCImZ3Q7Jmx0Oy9zY3JpcHQmZ3Q7CgombHQ7ZGl2IGNsYXNzPSJtZWRpdW0taW5zZXJ0LWVtYmVkcy1tZXRhIiZndDsmbHQ7c2NyaXB0IHR5cGU9InRleHQvanNvbiImZ3Q7eyJ1cmwiOiJodHRwczovL3R3aXR0ZXIuY29tL0pNaWxlaS9zdGF0dXMvMTc2MzE4NzQ1NjQyNDIyNjk4MCIsInR5cGUiOiJyaWNoIiwidmVyc2lvbiI6IjEuMCIsInRpdGxlIjoiSmF2aWVyIE1pbGVpIG9uIFR3aXR0ZXIgLyBYIiwiYXV0aG9yIjoiSmF2aWVyIE1pbGVpIiwiYXV0aG9yX3VybCI6Imh0dHBzOi8vdHdpdHRlci5jb20vSk1pbGVpIiwicHJvdmlkZXJfbmFtZSI6IlR3aXR0ZXIiLCJkZXNjcmlwdGlvbiI6IkTDk0xBUiBFIElORkxBQ0nDk05MYSBpbmZsYWNpw7NuIGVzIHNpZW1wcmUgeSBlbiB0b2RvIGx1Z2FyIHVuIGZlbsOzbWVubyBtb25ldGFyaW8gcXVlIHN1cmdlIGRlIHVuIGV4Y2VzbyBkZSBvZmVydGEgZGUgZGluZXJvIHF1ZSBoYWNlIHF1ZSBlbCBwb2RlciBhZHF1aXNpdGl2byBkZSBsYSBtb25lZGEgY2FpZ2EgeSBjb24gZWxsbyB0b2RvcyBsb3MgcHJlY2lvcyBleHByZXNhZG9zIGVuIHVuaWRhZGVzIGRlIG1vbmVkYSBsb2NhbCBzdWJhbi4gRWwgZMOzbGFyIGFsIHNlciB1biBhY3Rpdm\/igKbigJQgSmF2aWVyIE1pbGVpIChASk1pbGVpKSBGZWJydWFyeSAyOSwgMjAyNFxuXG5cbiIsImNhY2hlX2FnZSI6ODY0MDAsIm9wdGlvbnMiOnsiX3RoZW1lIjp7InZhbHVlIjoiIiwidmFsdWVzIjp7ImRhcmsiOiJVc2UgZGFyayB0aGVtZSJ9fSwiX21heHdpZHRoIjp7InZhbHVlIjoiIiwibGFiZWwiOiJBZGp1c3Qgd2lkdGgiLCJwbGFjZWhvbGRlciI6IjIyMC01NTAsIGluIHB4In19fSZsdDsvc2NyaXB0Jmd0OyZsdDsvZGl2Jmd0Ow==\">\n<div class=\"iframely-embed\"><\/div>\n<\/div>\n","protected":false},"excerpt":{"rendered":"<p>El presidente\u00a0Javier Milei\u00a0dijo que &#8220;mientras el Congreso tenga su composici\u00f3n actual&#8221; va a ser &#8220;dif\u00edcil aprobar las reformas&#8221; que propone su Gobierno, por lo que\u00a0adelant\u00f3 que planea avanzar con decretos para consolidar su ajuste. En una entrevista que brind\u00f3 al medio brit\u00e1nico Financial Times, Milei plante\u00f3 que tras el fracasado debate del proyecto de Ley [&hellip;]<\/p>\n","protected":false},"author":2,"featured_media":21203,"comment_status":"open","ping_status":"open","sticky":false,"template":"","format":"standard","meta":{"footnotes":""},"categories":[64,66],"tags":[],"class_list":["post-22985","post","type-post","status-publish","format-standard","has-post-thumbnail","hentry","category-nacionales","category-politica-nacionales"],"_links":{"self":[{"href":"https:\/\/radiosurfm.com\/web\/wp-json\/wp\/v2\/posts\/22985","targetHints":{"allow":["GET"]}}],"collection":[{"href":"https:\/\/radiosurfm.com\/web\/wp-json\/wp\/v2\/posts"}],"about":[{"href":"https:\/\/radiosurfm.com\/web\/wp-json\/wp\/v2\/types\/post"}],"author":[{"embeddable":true,"href":"https:\/\/radiosurfm.com\/web\/wp-json\/wp\/v2\/users\/2"}],"replies":[{"embeddable":true,"href":"https:\/\/radiosurfm.com\/web\/wp-json\/wp\/v2\/comments?post=22985"}],"version-history":[{"count":0,"href":"https:\/\/radiosurfm.com\/web\/wp-json\/wp\/v2\/posts\/22985\/revisions"}],"wp:featuredmedia":[{"embeddable":true,"href":"https:\/\/radiosurfm.com\/web\/wp-json\/wp\/v2\/media\/21203"}],"wp:attachment":[{"href":"https:\/\/radiosurfm.com\/web\/wp-json\/wp\/v2\/media?parent=22985"}],"wp:term":[{"taxonomy":"category","embeddable":true,"href":"https:\/\/radiosurfm.com\/web\/wp-json\/wp\/v2\/categories?post=22985"},{"taxonomy":"post_tag","embeddable":true,"href":"https:\/\/radiosurfm.com\/web\/wp-json\/wp\/v2\/tags?post=22985"}],"curies":[{"name":"wp","href":"https:\/\/api.w.org\/{rel}","templated":true}]}}