{"id":23005,"date":"2024-03-01T19:08:51","date_gmt":"2024-03-01T22:08:51","guid":{"rendered":"https:\/\/radiosurfm.com\/web\/?p=23005"},"modified":"2024-03-01T19:08:51","modified_gmt":"2024-03-01T22:08:51","slug":"prision-perpetua-para-marcelo-ruiz-diaz-por-matar-y-enterrar-el-cuerpo-de-su-amigo","status":"publish","type":"post","link":"https:\/\/radiosurfm.com\/web\/2024\/03\/01\/prision-perpetua-para-marcelo-ruiz-diaz-por-matar-y-enterrar-el-cuerpo-de-su-amigo\/","title":{"rendered":"Prisi\u00f3n perpetua para Marcelo Ruiz D\u00edaz por matar y enterrar el cuerpo de su amigo"},"content":{"rendered":"<p>El Tribunal de Juicio resolvi\u00f3 este viernes\u00a0\u00a0<strong>condenar a la pena de prisi\u00f3n perpetua por homicidio calificado<\/strong>\u00a0 a Marcelo Ruiz D\u00edaz, quien continuar\u00e1 detenido, por considerarlo autor material penalmente responsable de la muerte de Mateo P\u00e9rez Saucedo.<\/p>\n<p>Se trata del hecho que ocurri\u00f3 el 6 de febrero de 2023 cuando la polic\u00eda\u00a0\u00a0<strong>hall\u00f3 el cuerpo de P\u00e9rez Saucedo enterrado en el patio de una vivienda.\u00a0<\/strong><\/p>\n<p>Habiendo concluido el debate del juicio oral y p\u00fablico por el homicidio de Mateo P\u00e9rez Saucedo, el Tribunal de Juicio N\u00b0 2 dio a conocer la cesura de pena para el condenado Marcelo Alfredo Ruiz D\u00edaz.<\/p>\n<p>Por sentencia N\u00b0 20 se resolvi\u00f3; condenar a Ruiz D\u00edaz a la pe\u00f1a de prisi\u00f3n perpetua por la comisi\u00f3n del delito de homicidio calificado por haberse cometido para ocultar otro delito, previsto por el art\u00edculo 80, inciso 7) del C\u00f3digo Penal, que se le atribuyera, en calidad de autor material penalmente responsable (art. 45, 40 y 41 del C\u00f3digo Penal).<\/p>\n<div class=\"container_publi\" data-tipo=\"tipo_desktop \" data-pos=\"AMP_P1_cuerpo\">\n<div class=\" lazyloaded\" data-gpt=\"\/22675780113\/nota\/AMP_cuerpo_x\" data-size=\"[750,300]\" data-expand=\"300\"><\/div>\n<\/div>\n<p>Adem\u00e1s, el Tribunal orden\u00f3 la pr\u00f3rroga de la prisi\u00f3n preventiva que viene cumpliendo el condenado hasta tanto quede firme la presente sentencia, de conformidad con lo dispuesto por el art\u00edculo 343 del C.P.P.<\/p>\n<p>El Tribunal de Juicio N\u00b0 2 estuvo compuesto por\u00a0Juan Jos\u00e9 Cochia como presidente, y los vocales Dres. Ariel H\u00e9ctor Gustavo Azcona y Rom\u00e1n Facundo Esquivel.<\/p>\n<p>La secretaria es la Dra. Alicia Beatriz Porfirio. El Querellante es el doctor Ram\u00f3n Humberto Abelardo Ben\u00edtez. La Fiscal es la doctora Sonia Miriam Meza. Las jornadas del debate fueron asistidas por miembros de la oficina judicial.<\/p>\n<p>Cabe destacar que en el d\u00eda de ayer\u00a0\u00a0<strong>Marcelo Alfredo Ruiz D\u00edaz fue declarado responsable penalmente<\/strong>\u00a0 en calidad de autor material por homicidio calificado de Mateo P\u00e9rez Saucedo. A su vez,\u00a0\u00a0<strong>Johana Yanina Lovato, mujer del condenado, fue declarada inocente y en consecuencia absuelta por el delito que se la trajo a juicio por insuficiencia probatoria.<\/strong><\/p>\n<div class=\"container_publi\" data-tipo=\"tipo_desktop \" data-pos=\"AMP_P2_cuerpo\">\n<div class=\" lazyloaded\" data-gpt=\"\/22675780113\/nota\/AMP_cuerpo_x\" data-size=\"[750,300]\" data-expand=\"300\"><\/div>\n<\/div>\n<p>Los fundamentos de la sentencia, se dar\u00e1n a conocer el d\u00eda 8 de marzo de 2024.<\/p>\n<p><strong>El hecho<\/strong><\/p>\n<p>Seg\u00fan la acusaci\u00f3n fiscal, el 6 de febrero de 2023 la v\u00edctima y el imputado salieron de trabajar de la sucursal de la panader\u00eda y carnicer\u00eda \u201cLa Reina\u201d, ubicada por Avenida Maip\u00fa y se fueron en remis hasta la casa del fallecido, donde se cambi\u00f3 de ropa y dej\u00f3 su bicicleta. A las 23.21 extrajo la suma de $ 40.000 de un cajero autom\u00e1tico ubicado en la estaci\u00f3n de servicios YPF ubicada por Avenida Maip\u00fa y calle Fragata Argentina.<\/p>\n<p>Luego se fueron a la casa del acusado Marcelo Alfredo Ru\u00edz D\u00edaz, ubicada en el Barrio San Roque Oeste, donde conviv\u00eda con su pareja la acusada Johana Yanina Lovato.<\/p>\n<p>Los acusados le habr\u00edan sustra\u00eddo el dinero a la v\u00edctima y a los fines de ocultar el delito y obtener su impunidad, le habr\u00edan golpeado con un objeto romo y duro en la frente, en la mejilla izquierda y en la zona izquierda del pecho, y luego, estando a\u00fan vivo, le habr\u00edan atado las mu\u00f1ecas con una cuerda para inmovilizarlo y lo amordazaron para que no gritara, tras lo cual Ru\u00edz D\u00edaz lo habr\u00eda estrangulado, asfixi\u00e1ndolo.<\/p>\n<p>Una vez que se encontraba sin vida, habr\u00edan cavado un pozo de aproximadamente un metro de profundidad, le habr\u00edan atado tambi\u00e9n los tobillos y lo habr\u00edan enterrado en posici\u00f3n fetal.<\/p>\n<div class=\"container_publi\" data-tipo=\"tipo_desktop \" data-pos=\"AMP_P3_cuerpo\">\n<div class=\" lazyloaded\" data-gpt=\"\/22675780113\/nota\/AMP_cuerpo_x\" data-size=\"[750,300]\" data-expand=\"300\"><\/div>\n<\/div>\n<p>Seg\u00fan la acusaci\u00f3n formulada por la Dra. Meza, al d\u00eda siguiente los imputados extrajeron nuevamente de un cajero autom\u00e1tico la suma de $ 40.000 con la tarjeta de d\u00e9bito de la v\u00edctima.<\/p>\n","protected":false},"excerpt":{"rendered":"<p>El Tribunal de Juicio resolvi\u00f3 este viernes\u00a0\u00a0condenar a la pena de prisi\u00f3n perpetua por homicidio calificado\u00a0 a Marcelo Ruiz D\u00edaz, quien continuar\u00e1 detenido, por considerarlo autor material penalmente responsable de la muerte de Mateo P\u00e9rez Saucedo. Se trata del hecho que ocurri\u00f3 el 6 de febrero de 2023 cuando la polic\u00eda\u00a0\u00a0hall\u00f3 el cuerpo de P\u00e9rez [&hellip;]<\/p>\n","protected":false},"author":2,"featured_media":23006,"comment_status":"open","ping_status":"open","sticky":false,"template":"","format":"standard","meta":{"footnotes":""},"categories":[68,72],"tags":[],"class_list":["post-23005","post","type-post","status-publish","format-standard","has-post-thumbnail","hentry","category-policiales-nacionales","category-provinciales"],"_links":{"self":[{"href":"https:\/\/radiosurfm.com\/web\/wp-json\/wp\/v2\/posts\/23005","targetHints":{"allow":["GET"]}}],"collection":[{"href":"https:\/\/radiosurfm.com\/web\/wp-json\/wp\/v2\/posts"}],"about":[{"href":"https:\/\/radiosurfm.com\/web\/wp-json\/wp\/v2\/types\/post"}],"author":[{"embeddable":true,"href":"https:\/\/radiosurfm.com\/web\/wp-json\/wp\/v2\/users\/2"}],"replies":[{"embeddable":true,"href":"https:\/\/radiosurfm.com\/web\/wp-json\/wp\/v2\/comments?post=23005"}],"version-history":[{"count":0,"href":"https:\/\/radiosurfm.com\/web\/wp-json\/wp\/v2\/posts\/23005\/revisions"}],"wp:featuredmedia":[{"embeddable":true,"href":"https:\/\/radiosurfm.com\/web\/wp-json\/wp\/v2\/media\/23006"}],"wp:attachment":[{"href":"https:\/\/radiosurfm.com\/web\/wp-json\/wp\/v2\/media?parent=23005"}],"wp:term":[{"taxonomy":"category","embeddable":true,"href":"https:\/\/radiosurfm.com\/web\/wp-json\/wp\/v2\/categories?post=23005"},{"taxonomy":"post_tag","embeddable":true,"href":"https:\/\/radiosurfm.com\/web\/wp-json\/wp\/v2\/tags?post=23005"}],"curies":[{"name":"wp","href":"https:\/\/api.w.org\/{rel}","templated":true}]}}