{"id":23083,"date":"2024-03-05T19:19:12","date_gmt":"2024-03-05T22:19:12","guid":{"rendered":"https:\/\/radiosurfm.com\/web\/?p=23083"},"modified":"2024-03-05T19:19:12","modified_gmt":"2024-03-05T22:19:12","slug":"el-gobierno-mando-a-cerrar-los-centros-de-referencia-del-exministerio-de-desarrollo-social","status":"publish","type":"post","link":"https:\/\/radiosurfm.com\/web\/2024\/03\/05\/el-gobierno-mando-a-cerrar-los-centros-de-referencia-del-exministerio-de-desarrollo-social\/","title":{"rendered":"El Gobierno mand\u00f3 a cerrar los Centros de Referencia del exMinisterio de Desarrollo Social"},"content":{"rendered":"<p>El \u00fanico ministerio que seg\u00fan prometi\u00f3\u00a0<b>Javier Milei<\/b>\u00a0iba a contar con &#8220;la billetera abierta para contener a los ca\u00eddos\u201d es parad\u00f3jicamente el que est\u00e1 encabezando el proceso de\u00a0desguace, ajuste y despidos en el Estado. La cartera de\u00a0<b>Capital Humano<\/b>\u00a0que conduce\u00a0<b>Sandra Pettovello<\/b>\u00a0anunci\u00f3 este lunes el\u00a0<b>cierre de los 59 Centros de Referencia<\/b>\u00a0(CDR) con que contaba la Secretar\u00eda de Ni\u00f1ez y Familia (ex Desarrollo Social) en todo el pa\u00eds, con el correspondiente\u00a0<b>cese de los contratos de unos 600 empleados<\/b>. La medida fue anunciada v\u00eda redes sociales: \u00e9sa fue la forma \u2014un posteo en Twitter\u2014 en que los trabajadores y las trabajadoras, y hasta los propios delegados gremiales, se enteraron que se quedaban en la calle.<\/p>\n<p>La cartera que conduce Pettovello comunic\u00f3 el cierre y los despidos como una buena noticia. Los CDR \u201cfuncionaban como cajas de la pol\u00edtica y refugios de \u00f1oquis\u201d, dice el comunicado oficial de Capital Humano, a tono con la forma despectiva en que el Gobierno se refiri\u00f3 a los trabajadores de la\u00a0<b>Agencia T\u00e9lam, el INADI y otros organismos<\/b>. \u201cDe esta manera, se ahorrar\u00e1n 5.000 millones de pesos anuales\u201d, agrega.<\/p>\n<div class=\"slot-available\"><\/div>\n<p>La ministra utiliz\u00f3 los mismos argumentos, tambi\u00e9n este lunes, para justificar la eliminaci\u00f3n de las \u201cunidades de gesti\u00f3n\u201d del\u00a0<b>Potenciar Trabajo<\/b>, que eran administradas por las cooperativas y emprendimientos productivos de las organizaciones sociales. El ajuste en el principal programa de asistencia social del pa\u00eds, se vanaglori\u00f3 Pettovello, suma otros \u201c34 millones de d\u00f3lares al a\u00f1o\u201d.<\/p>\n<h2>Abandono de territorio<\/h2>\n<p>Lejos de ser un \u201crefugio de \u00f1oquis\u201d, los CDR\u00a0<b>constitu\u00edan la pata territorial y federal del exMinisterio de Desarrollo Social<\/b>, hoy degradado a secretar\u00eda. Con sedes en el interior de la Provincia de Buenos Aires (Bah\u00eda Blanca, Mar del Plata, Mercedes, Tandil, Dolores, etc), y en casi todas las provincias del pa\u00eds (desde Formosa, Chaco y Corrientes hasta Chubut, R\u00edo Negro y Santa Cruz), los Centros atend\u00edan a diario tr\u00e1mites para acceder a distintas pol\u00edticas p\u00fablicas que de otra forma s\u00f3lo se podr\u00edan hacer en la Ciudad de Buenos Aires: desde conseguir un\u00a0<b>Certificado \u00danico de Discapacidad<\/b>\u00a0o el\u00a0<b>Monotributo Social<\/b>\u00a0hasta tramitar los medicamentos biom\u00e9dicos de alto costo que entregaba la Direcci\u00f3n de Asistencia Directa por Situaciones Especiales (DADSE) \u2014que, por otra parte\u00a0tambi\u00e9n fue desfinanciada por el gobierno libertario\u2014.<\/p>\n<div class=\"slot-available\"><\/div>\n<p>Sus trabajadores, adem\u00e1s, realizaban tareas de acompa\u00f1amiento a las familias beneficiarias de los distintos programas.\u00a0\u201cNo nos vamos a cansar de decirlo: los laburantes no son \u00f1oquis ni nuestro trabajo es \u00abuna caja de la pol\u00edtica\u00bb. Los compa\u00f1eros de los CDR est\u00e1n formados y capacitados para atender situaciones de emergencia y de complejidad en todo el pa\u00eds, llegan a territorios donde el Estado no llegar\u00eda de otra manera,\u00a0articulan\u00a0pol\u00edticas con los gobiernos locales y ponen la cara todos los d\u00edas ante las necesidades de la poblaci\u00f3n m\u00e1s vulnerable\u201d, respondi\u00f3 en di\u00e1logo con<b>\u00a0P\u00e1gina\/12<\/b>\u00a0Ingrid Manfred, delegada de ATE Capital en el Ministerio de Capital Humano.<\/p>\n<p>Seg\u00fan comunic\u00f3 Pettovello, personal de su ministerio visit\u00f3 recientemente un CDR (uno s\u00f3lo de los 59, sin especificar cu\u00e1l) con &#8220;m\u00e1s de 50 empleados registrados&#8221;, y &#8220;en plena jornada laboral, s\u00f3lo estaban cubiertos menos de 20 puestos de trabajo&#8221;. El gremio no s\u00f3lo lo desmiente \u2014en Corrientes hay muchos trabajadores asistiendo a la poblaci\u00f3n afectada por las inundaciones\u2014, sino que adem\u00e1s agrega que desde el inicio de la gesti\u00f3n se dejaron fuera de funcionamiento las camionetas que permit\u00edan hacer recorridos por las distintas localidades, entre otros &#8220;boicots&#8221; al trabajo cotidiano. Eso hac\u00eda suponer un panorama de despidos por venir, pero la decisi\u00f3n sorprendi\u00f3 a todos:\u00a0<b>se comunic\u00f3 antes por los canales p\u00fablicos del ministerio que a los propios trabajadores<\/b>.<\/p>\n<div class=\"slot-available\"><\/div>\n<p><b>&#8220;Solo demuestran un profundo desconocimiento del trabajo que se ven\u00eda haciendo. Nunca tuvieron la m\u00e1s m\u00ednima intenci\u00f3n de evaluar si era conveniente continuar con los CDR&#8221;<\/b>, describi\u00f3 Manfred. &#8220;En un contexto de 57 por ciento de pobreza, la desarticulaci\u00f3n de pogramas s\u00f3lo demuestra que la motosierra empez\u00f3 por los de m\u00e1s abajo&#8221;, concluy\u00f3.<\/p>\n<h3>Las organizaciones como enemigo<\/h3>\n<p>El mismo d\u00eda que anunci\u00f3 los despidos, Capital Humano tambi\u00e9n termin\u00f3 de confirmar los \u00faltimos cambios en el Potenciar Trabajo, que hab\u00edan sido comunicados la semana pasada. Adem\u00e1s de\u00a0segmentar el programa entre la poblaci\u00f3n empleable y no empleable\u00a0(recibir\u00e1n talleres y capacitaci\u00f3n laboral s\u00f3lo aquellos menores de 49 a\u00f1os y que no sean mujeres con m\u00e1s de cuatro hijos), este lunes se inform\u00f3 sobre el cierre de las &#8220;unidades de gesti\u00f3n&#8221;, es decir de la &#8220;intermediaci\u00f3n&#8221; de las organizaciones sociales. Todo, bajo una misma idea rectora: que los movimientos son los culpables del &#8220;fracaso&#8221; \u2014de acuerdo a las palabras del Gobierno\u2014 de los planes.<\/p>\n<div class=\"slot-available\"><\/div>\n<p>&#8220;Lejos de potenciar la autonom\u00eda y el crecimiento personal, han favorecido la intermediaci\u00f3n y la perpetuaci\u00f3n de la dependencia&#8221;, sostienen en el entorno de Pettovello sobre las organizaciones. El problema que surge es que, tras la eliminaci\u00f3n de los &#8220;intermediarios&#8221;, la gesti\u00f3n del programa queda ac\u00e9fala. Si antes eran las organizaciones las que tomaban la decisi\u00f3n sobre las altas y las bajas del programa, ahora quedar\u00e1 a la sola discreci\u00f3n de los funcionarios de turno.<\/p>\n<p>A prop\u00f3sito,\u00a0<b>en paralelo al anuncio de la medida\u00a0renunci\u00f3 Rodrigo Aybar a su cargo en la subsecretaria de Econom\u00eda Social<\/b>, donde no hab\u00eda llegado a ser nombrado oficialmente. Aybar &#8211;cercano al intendente de Tres de Febrero, Diego Valenzuela&#8211; se ocup\u00f3 de redise\u00f1ar el Potenciar Trabajo. Luego se fue, para no pagar el costo.<\/p>\n<div class=\"slot-available\"><\/div>\n<p>A la par del ajuste en el Potenciar, Capital Humano ya recort\u00f3 en la asistencia a los comedores y en el programa que entregaba medicamentos de alto costo de forma gratuita. Tambi\u00e9n pas\u00f3 la licuadora por el Servicio Alimentario Escolar (SAE), que podr\u00eda moverse a la \u00f3rbita de Educaci\u00f3n.<\/p>\n<p>&#8220;El gobierno quiere responsabilizar a los trabajadores y trabajadoras de la puesta en marcha de su objetivo pol\u00edtico expreso: la detenci\u00f3n absoluta de las herramientas del Estado para asistir a la poblaci\u00f3n&#8221;, concluy\u00f3 Manfred.<\/p>\n","protected":false},"excerpt":{"rendered":"<p>El \u00fanico ministerio que seg\u00fan prometi\u00f3\u00a0Javier Milei\u00a0iba a contar con &#8220;la billetera abierta para contener a los ca\u00eddos\u201d es parad\u00f3jicamente el que est\u00e1 encabezando el proceso de\u00a0desguace, ajuste y despidos en el Estado. La cartera de\u00a0Capital Humano\u00a0que conduce\u00a0Sandra Pettovello\u00a0anunci\u00f3 este lunes el\u00a0cierre de los 59 Centros de Referencia\u00a0(CDR) con que contaba la Secretar\u00eda de Ni\u00f1ez [&hellip;]<\/p>\n","protected":false},"author":2,"featured_media":23084,"comment_status":"open","ping_status":"open","sticky":false,"template":"","format":"standard","meta":{"footnotes":""},"categories":[65,64],"tags":[],"class_list":["post-23083","post","type-post","status-publish","format-standard","has-post-thumbnail","hentry","category-economia","category-nacionales"],"_links":{"self":[{"href":"https:\/\/radiosurfm.com\/web\/wp-json\/wp\/v2\/posts\/23083","targetHints":{"allow":["GET"]}}],"collection":[{"href":"https:\/\/radiosurfm.com\/web\/wp-json\/wp\/v2\/posts"}],"about":[{"href":"https:\/\/radiosurfm.com\/web\/wp-json\/wp\/v2\/types\/post"}],"author":[{"embeddable":true,"href":"https:\/\/radiosurfm.com\/web\/wp-json\/wp\/v2\/users\/2"}],"replies":[{"embeddable":true,"href":"https:\/\/radiosurfm.com\/web\/wp-json\/wp\/v2\/comments?post=23083"}],"version-history":[{"count":0,"href":"https:\/\/radiosurfm.com\/web\/wp-json\/wp\/v2\/posts\/23083\/revisions"}],"wp:featuredmedia":[{"embeddable":true,"href":"https:\/\/radiosurfm.com\/web\/wp-json\/wp\/v2\/media\/23084"}],"wp:attachment":[{"href":"https:\/\/radiosurfm.com\/web\/wp-json\/wp\/v2\/media?parent=23083"}],"wp:term":[{"taxonomy":"category","embeddable":true,"href":"https:\/\/radiosurfm.com\/web\/wp-json\/wp\/v2\/categories?post=23083"},{"taxonomy":"post_tag","embeddable":true,"href":"https:\/\/radiosurfm.com\/web\/wp-json\/wp\/v2\/tags?post=23083"}],"curies":[{"name":"wp","href":"https:\/\/api.w.org\/{rel}","templated":true}]}}