{"id":23182,"date":"2024-03-15T19:39:22","date_gmt":"2024-03-15T22:39:22","guid":{"rendered":"https:\/\/radiosurfm.com\/web\/?p=23182"},"modified":"2024-03-15T19:39:23","modified_gmt":"2024-03-15T22:39:23","slug":"protesta-en-corrientes-alumnos-de-la-normal-y-el-nacional-piden-mejoras-edilicias","status":"publish","type":"post","link":"https:\/\/radiosurfm.com\/web\/2024\/03\/15\/protesta-en-corrientes-alumnos-de-la-normal-y-el-nacional-piden-mejoras-edilicias\/","title":{"rendered":"PROTESTA EN CORRIENTES:  Alumnos de la Normal y el Nacional piden mejoras edilicias"},"content":{"rendered":"<div>Alumnos y tutores de la Escuela Normal \u201cJuan Pujol\u201d en pleno centro de la ciudad de Corrientes, se manifestaron a primera hora, antes de ingresar al edificio para reclamar por la condiciones edilicias y c\u00f3mo est\u00e1 afectando el calor a las y los estudiantes.<\/div>\n<div><\/div>\n<div>El antiguo edificio, que ocupa una manzana y tiene m\u00e1s de 100 a\u00f1os, amaneci\u00f3 rodeado por efectivos de la Polic\u00eda de Corrientes que, evidentemente, ten\u00eda informaci\u00f3n de que habr\u00eda una protesta de tutores y de alumnos.<\/div>\n<div><\/div>\n<div>Las alumnas y alumnos reclamaron poder dictar clases con energ\u00eda el\u00e9ctrica. La ola de calor de esta semana evidenci\u00f3 la necesidad de contar con instalaciones adecuadas, como aire acondicionado o ventiladores.<\/div>\n<div><\/div>\n<div>Una tutora que se acerc\u00f3 a la puerta de la Escuela Normal aseguro que &#8220;los alumnos se descomponen, tienen fuertes dolores de cabeza, signos evidentes de golpes de calor&#8221;. Esta semana la falta de infraestructura para ventilar y refrigerar las aulas qued\u00f3 en evidencia: &#8220;en 20 a\u00f1os no pudieron solucionar el problema del tanque de agua o el tablero el\u00e9ctrico&#8221;, asegur\u00f3 otra tutora.<\/div>\n<div><\/div>\n<div>La escuela Normal cuenta con un edificio de 100 a\u00f1os, con techos altos, de teja, paredes gruesas, grandes ventanales, espacios verdes y galer\u00edas ventiladas; evidentemente tiene muchas mejores condiciones edilicias que otros edificios escolares m\u00e1s contempor\u00e1neos y, a pesar de esto, el calor afecta a docentes y alumnos.<\/div>\n","protected":false},"excerpt":{"rendered":"<p>Alumnos y tutores de la Escuela Normal \u201cJuan Pujol\u201d en pleno centro de la ciudad de Corrientes, se manifestaron a primera hora, antes de ingresar al edificio para reclamar por la condiciones edilicias y c\u00f3mo est\u00e1 afectando el calor a las y los estudiantes. El antiguo edificio, que ocupa una manzana y tiene m\u00e1s de [&hellip;]<\/p>\n","protected":false},"author":2,"featured_media":23183,"comment_status":"open","ping_status":"open","sticky":false,"template":"","format":"standard","meta":{"footnotes":""},"categories":[72],"tags":[],"class_list":["post-23182","post","type-post","status-publish","format-standard","has-post-thumbnail","hentry","category-provinciales"],"_links":{"self":[{"href":"https:\/\/radiosurfm.com\/web\/wp-json\/wp\/v2\/posts\/23182","targetHints":{"allow":["GET"]}}],"collection":[{"href":"https:\/\/radiosurfm.com\/web\/wp-json\/wp\/v2\/posts"}],"about":[{"href":"https:\/\/radiosurfm.com\/web\/wp-json\/wp\/v2\/types\/post"}],"author":[{"embeddable":true,"href":"https:\/\/radiosurfm.com\/web\/wp-json\/wp\/v2\/users\/2"}],"replies":[{"embeddable":true,"href":"https:\/\/radiosurfm.com\/web\/wp-json\/wp\/v2\/comments?post=23182"}],"version-history":[{"count":0,"href":"https:\/\/radiosurfm.com\/web\/wp-json\/wp\/v2\/posts\/23182\/revisions"}],"wp:featuredmedia":[{"embeddable":true,"href":"https:\/\/radiosurfm.com\/web\/wp-json\/wp\/v2\/media\/23183"}],"wp:attachment":[{"href":"https:\/\/radiosurfm.com\/web\/wp-json\/wp\/v2\/media?parent=23182"}],"wp:term":[{"taxonomy":"category","embeddable":true,"href":"https:\/\/radiosurfm.com\/web\/wp-json\/wp\/v2\/categories?post=23182"},{"taxonomy":"post_tag","embeddable":true,"href":"https:\/\/radiosurfm.com\/web\/wp-json\/wp\/v2\/tags?post=23182"}],"curies":[{"name":"wp","href":"https:\/\/api.w.org\/{rel}","templated":true}]}}