{"id":23209,"date":"2024-03-15T21:25:07","date_gmt":"2024-03-16T00:25:07","guid":{"rendered":"https:\/\/radiosurfm.com\/web\/?p=23209"},"modified":"2024-03-15T21:25:07","modified_gmt":"2024-03-16T00:25:07","slug":"tras-el-rechazo-al-dnu-estallo-la-interna-de-la-ucr","status":"publish","type":"post","link":"https:\/\/radiosurfm.com\/web\/2024\/03\/15\/tras-el-rechazo-al-dnu-estallo-la-interna-de-la-ucr\/","title":{"rendered":"Tras el rechazo al DNU, estall\u00f3 la interna de la UCR"},"content":{"rendered":"<p>A trav\u00e9s de una seca declaraci\u00f3n p\u00fablica, los\u00a0<b>gobernadores radicales<\/b>\u00a0y referentes de esa fuerza pol\u00edtica en el Congreso\u00a0<b>cuestionaron\u00a0de soslayo la decisi\u00f3n del presidente del Comit\u00e9 de la UCR, Mart\u00edn Lousteau<\/b>, de votar en contra del cuestionado DNU 70\/2023,\u00a0<b>respaldaron las medidas que impulsa\u00a0el presidente Javier Milei<\/b>\u00a0y llamaron al oficialismo a promover el di\u00e1logo sin &#8220;prolongar la narrativa electoral&#8221;.<\/p>\n<p>Luego del rev\u00e9s que el oficialismo y sus aliados recibieron en el Senado, el ala m\u00e1s conservadora del radicalismo ratific\u00f3 a\u00a0trav\u00e9s de un texto titulado\u00a0<b>&#8220;Queremos un en el pa\u00eds y una UCR moderna&#8221;<\/b>\u00a0su decisi\u00f3n de\u00a0<b>\u201ccontribuir con las herramientas justas y necesarias\u201d<\/b>\u00a0para que la administraci\u00f3n de La Libertad Avanza (LLA) prosiga con sus pol\u00edticas.<\/p>\n<div id=\"talkFireEvent\"><\/div>\n<p>A la vez, reiteraron su voluntad de acompa\u00f1ar las \u201creformas estructurales\u201d que propone LLA y llamaron a\u00a0<b>\u201cconstruir un partido moderno que acompa\u00f1e las reformas estructurales que necesita hoy la Argentina\u201d<\/b>. Es decir,\u00a0<b>todo lo contrario a la posici\u00f3n que Lousteu expres\u00f3 con su voto<\/b>\u00a0y que lo convirti\u00f3 en el \u00fanico radical en ir a contramano de su partido.<\/p>\n<div id=\"ad-slot-video_inread\" class=\"ad-slot-video_inread ad-slot\" data-adtype=\"video_inread\" data-google-query-id=\"CJaog53C94QDFXpK3QIdssIBLg\">\n<div id=\"google_ads_iframe_\/349353471\/p12\/nota_video_inread_0__container__\"><iframe id=\"google_ads_iframe_\/349353471\/p12\/nota_video_inread_0\" tabindex=\"0\" title=\"3rd party ad content\" name=\"google_ads_iframe_\/349353471\/p12\/nota_video_inread_0\" width=\"1\" height=\"1\" frameborder=\"0\" marginwidth=\"0\" marginheight=\"0\" scrolling=\"no\" aria-label=\"Advertisement\" data-load-complete=\"true\" data-google-container-id=\"3\" data-mce-fragment=\"1\"><\/iframe><\/div>\n<\/div>\n<div class=\"slot-available\"><\/div>\n<h2>Lousteau, en soledad<\/h2>\n<p>El comunicado fue firmado por los gobernadores de Corrientes,\u00a0<b>Gustavo Vald\u00e9s<\/b>; de Chaco,\u00a0<b>Leandro Zdero<\/b>; de Jujuy,\u00a0<b>Carlos Sadir<\/b>; y de Mendoza,\u00a0<b>Alfredo Cornejo<\/b>. Tambi\u00e9n por los titulares de los bloques de la UCR en Diputados y Senadores,\u00a0<b>Rodrigo de Loredo<\/b>\u00a0y\u00a0<b>Eduardo Vischi<\/b>, respectivamente.<\/p>\n<p><b>El tenor de las firmas tambi\u00e9n connota un duro cuestionamiento a la autoridad de Lousteau<\/b>, titular del m\u00e1ximo organismo de la UCR. Si bien no hay una menci\u00f3n directa al \u00e9l, el posicionamiento contrario lo evidencia.<\/p>\n<div class=\"slot-available\"><\/div>\n<p>El texto sostiene que\u00a0<b>\u201cla Argentina necesita de acuerdos y consensos\u201d<\/b>, y para fundamentarlo recurre a la verba presidencial: es necesario\u00a0<b>\u201csacar a nuestro pa\u00eds del estancamiento y decadencia\u201d<\/b>.<\/p>\n<h2>El mensaje al Gobierno<\/h2>\n<p>Si bien se trata de un texto complaciente con los fundamentos que esboza el Gobierno para impulsar las reformas que apuntan a la\u00a0<b>eliminaci\u00f3n total de la intervenci\u00f3n del Estado en la econom\u00eda<\/b>, la declaraci\u00f3n tambi\u00e9n le hace al oficialismo un llamado al di\u00e1logo.<\/p>\n<p><b>\u201cAbogamos para que estas reformas sean fruto del consenso y, por eso, el Ejecutivo Nacional no debe tentarse con prolongar la narrativa electoral\u201d<\/b>, recomienda.<\/p>\n<div class=\"slot-available\"><\/div>\n<p>Luego prosigue:\u00a0<b>\u201cSomos muchos los que queremos cambios profundos en la Argentina\u201d<\/b>\u00a0y deja claro que la posici\u00f3n de ese sector de la UCR es \u201ccontribuir con acciones conducentes a lograr los acuerdos que ayuden a sacar a nuestra sociedad de la profunda crisis\u201d que atraviesa.<\/p>\n<p>&nbsp;<\/p>\n<p>En ese sentido, agregan los dirigentes,\u00a0<b>\u201cavalamos que est\u00e9 en el orden de prioridades del Estado nacional la discusi\u00f3n de avanzar para que haya equilibrio fiscal\u201d<\/b>, y sostiene que las medidas que hasta ahora se impulsaron es parte de lo que \u201celigieron los argentinos en las elecciones del a\u00f1o pasado con un claro mandato de cambio\u201d.<\/p>\n<p>&nbsp;<\/p>\n","protected":false},"excerpt":{"rendered":"<p>A trav\u00e9s de una seca declaraci\u00f3n p\u00fablica, los\u00a0gobernadores radicales\u00a0y referentes de esa fuerza pol\u00edtica en el Congreso\u00a0cuestionaron\u00a0de soslayo la decisi\u00f3n del presidente del Comit\u00e9 de la UCR, Mart\u00edn Lousteau, de votar en contra del cuestionado DNU 70\/2023,\u00a0respaldaron las medidas que impulsa\u00a0el presidente Javier Milei\u00a0y llamaron al oficialismo a promover el di\u00e1logo sin &#8220;prolongar la narrativa [&hellip;]<\/p>\n","protected":false},"author":2,"featured_media":23210,"comment_status":"open","ping_status":"open","sticky":false,"template":"","format":"standard","meta":{"footnotes":""},"categories":[64,66],"tags":[],"class_list":["post-23209","post","type-post","status-publish","format-standard","has-post-thumbnail","hentry","category-nacionales","category-politica-nacionales"],"_links":{"self":[{"href":"https:\/\/radiosurfm.com\/web\/wp-json\/wp\/v2\/posts\/23209","targetHints":{"allow":["GET"]}}],"collection":[{"href":"https:\/\/radiosurfm.com\/web\/wp-json\/wp\/v2\/posts"}],"about":[{"href":"https:\/\/radiosurfm.com\/web\/wp-json\/wp\/v2\/types\/post"}],"author":[{"embeddable":true,"href":"https:\/\/radiosurfm.com\/web\/wp-json\/wp\/v2\/users\/2"}],"replies":[{"embeddable":true,"href":"https:\/\/radiosurfm.com\/web\/wp-json\/wp\/v2\/comments?post=23209"}],"version-history":[{"count":0,"href":"https:\/\/radiosurfm.com\/web\/wp-json\/wp\/v2\/posts\/23209\/revisions"}],"wp:featuredmedia":[{"embeddable":true,"href":"https:\/\/radiosurfm.com\/web\/wp-json\/wp\/v2\/media\/23210"}],"wp:attachment":[{"href":"https:\/\/radiosurfm.com\/web\/wp-json\/wp\/v2\/media?parent=23209"}],"wp:term":[{"taxonomy":"category","embeddable":true,"href":"https:\/\/radiosurfm.com\/web\/wp-json\/wp\/v2\/categories?post=23209"},{"taxonomy":"post_tag","embeddable":true,"href":"https:\/\/radiosurfm.com\/web\/wp-json\/wp\/v2\/tags?post=23209"}],"curies":[{"name":"wp","href":"https:\/\/api.w.org\/{rel}","templated":true}]}}