{"id":23212,"date":"2024-03-15T21:27:09","date_gmt":"2024-03-16T00:27:09","guid":{"rendered":"https:\/\/radiosurfm.com\/web\/?p=23212"},"modified":"2024-03-15T21:27:09","modified_gmt":"2024-03-16T00:27:09","slug":"desmitificando-los-numeros-de-javier-milei","status":"publish","type":"post","link":"https:\/\/radiosurfm.com\/web\/2024\/03\/15\/desmitificando-los-numeros-de-javier-milei\/","title":{"rendered":"Desmitificando los n\u00fameros de Javier Milei"},"content":{"rendered":"<p>Super\u00e1vit fiscal, aumento de reservas internacionales, desaceleraci\u00f3n de la inflaci\u00f3n, ca\u00edda de la brecha cambiaria. Son las variables que Javier Milei exhibe, aplaude, festeja. Los n\u00fameros &#8220;que cierran&#8221;. Tambi\u00e9n es\u00a0<b>la vara con la que mide el presidente su gesti\u00f3n<\/b>. Incluso omitiendo los derrumbres\u00a0de las variables de la econom\u00eda real como la actividad, el consumo, o los ingresos,\u00a0asimilables con la crisis derivada de la pandemia del coronavirus; las financieras que festeja La Libertad Avanza tampoco implican un \u00e9xito del plan econ\u00f3mico.\u00a0 A costa de qu\u00e9 las consigui\u00f3, qu\u00e9 omite y cu\u00e1n sostenibles son.<\/p>\n<p>&#8220;Lo que mas le duele a muchos opositores es que\u00a0<b>estamos haciendo las cosas bien porque los n\u00fameros nos dan, y nos cierran<\/b>&#8220;, explicaba\u00a0el jefe del bloque de senadores de La Libertad Avanza\u00a0<b>Ezequiel Atauche\u00a0<\/b>en la sesi\u00f3n que termin\u00f3 con el rechazo del DNU en la c\u00e1mara alta, &#8220;desde que est\u00e1 vigente este DNU detuvimos una hiperinflaci\u00f3n que nadie pensaba que la \u00edbamos a detener tan r\u00e1pido y que est\u00e1 decayendo y acumulamos 10.000 millones de d\u00f3lares de reservas cuando nadie lo esperaba. Estamos haciendo las cosas bien y eso les duele&#8221;.<\/p>\n<div id=\"talkFireEvent\"><\/div>\n<div id=\"ad-slot-video_inread\" class=\"ad-slot-video_inread ad-slot\" data-adtype=\"video_inread\" data-google-query-id=\"CP7R8LXC94QDFbZU3QId1tgK0A\">\n<div id=\"google_ads_iframe_\/349353471\/p12\/nota_video_inread_0__container__\"><iframe id=\"google_ads_iframe_\/349353471\/p12\/nota_video_inread_0\" tabindex=\"0\" title=\"3rd party ad content\" name=\"google_ads_iframe_\/349353471\/p12\/nota_video_inread_0\" width=\"1\" height=\"1\" frameborder=\"0\" marginwidth=\"0\" marginheight=\"0\" scrolling=\"no\" aria-label=\"Advertisement\" data-load-complete=\"true\" data-google-container-id=\"3\" data-mce-fragment=\"1\"><\/iframe><\/div>\n<\/div>\n<div class=\"slot-available\"><\/div>\n<p>En esa frase, Atauche resume la visi\u00f3n de Luis Caputo y Javier Milei. Los n\u00fameros que &#8220;dan&#8221;, que &#8220;cierran&#8221; son las variables que obsesionan al presidente, muy importantes para la econom\u00eda, pero que no pueden analizarse aisladas del resto. Es que Javier Milei no twittea ni retwittea ni hace referencia alguna a la\u00a0<a href=\"https:\/\/centrocifra.org.ar\/informe-sobre-salarios-reales\/\" target=\"_blank\" rel=\"noopener\">ca\u00edda del 21,3 por ciento de la capacidad de compra entre enero y noviembre del salario real,<\/a>\u00a0del\u00a0<a href=\"https:\/\/twitter.com\/ODSAUCA\/status\/1759588116774486391\" target=\"_blank\" rel=\"noopener\">aumento de ocho puntos porcentuales de la pobreza en un solo mes<\/a>,\u00a0ni de la merma del\u00a0<a href=\"https:\/\/www.google.com\/search?q=came+caidas+pyme+pagina+2&amp;rlz=1C5CHFA_enAR973AR973&amp;oq=came+caidas+pyme+pagina+2&amp;gs_lcrp=EgZjaHJvbWUyBggAEEUYOTIHCAEQIRigATIHCAIQIRigATIHCAMQIRigAdIBCDI2ODNqMGo3qAIAsAIA&amp;sourceid=chrome&amp;ie=UTF-8\" target=\"_blank\" rel=\"noopener\">30 por ciento de la industria pyme<\/a>, o del\u00a028,5 por ciento de las ventas minoristas en enero.<\/p>\n<p>Al hacer\u00a0<b>doble click sobre sus caballitos de batalla<\/b>, las variables financieras, tampoco hay mucho para celebrar:<\/p>\n<h2><b>Super\u00e1vit financiero: la meta se va corriendo<\/b><\/h2>\n<p>&#8220;El coraz\u00f3n del programa econ\u00f3mico de Luis Caputo\u00a0 y Javier Milei es lograr el equilibrio fiscal a trav\u00e9s de un fuerte ajuste del gasto&#8221;, explica a\u00a0<b>P\u00e1ginaI12<\/b>\u00a0la analista econ\u00f3mica del Centro de Econom\u00eda Pol\u00edtica Argentina (CEPA)\u00a0<b>Jennifer Stefan<\/b>. Es el ancla fundamental que eligieron para dar a los agentes econ\u00f3micos, y por eso se encargan de repetir que &#8220;no se negocia&#8221;.<\/p>\n<div class=\"slot-available\"><\/div>\n<p>Todos los analistas consultados por\u00a0<b>P\u00e1ginaI12<\/b>\u00a0<b>desconf\u00edan de la posibilidad de mantener estos resultados en el mediano plazo<\/b>.\u00a0 &#8220;Al desagregar c\u00f3mo se llega a ese resultado, se puede proyectar que ser\u00e1 muy dif\u00edcil de sostenerlo en el tiempo. La licuaci\u00f3n de jubilaciones explica el 44,5 por ciento de la reducci\u00f3n del gasto en enero, luego siguen el recorte de subsidios energ\u00e9ticos, salarios estatales y transferencias a provincias&#8221;, adelanta la economista\u00a0<b>Georgina Pessagno\u00a0<\/b>de la consultora GPS, y alerta: &#8220;Los ingresos se mantuvieron casi constantes gracias al fuerte impacto que tuvo en la recaudaci\u00f3n el incremento del impuesto PAIS a las importaciones, ya que otros ingresos como IVA y contribuciones salariales mostraron fuertes contracciones como consecuencia de la recesi\u00f3n y la ca\u00edda del salario real. Y por cada punto que cae el producto, la recaudaci\u00f3n cae un 0,2 por ciento, por lo que l<b>a meta se va corriendo a\u00fan m\u00e1s y es necesario un ajuste mayor para alcanzar el equilibrio. Es una trampa de la cual es dif\u00edcil salir<\/b>&#8220;.<\/p>\n<div class=\"slot-available\"><\/div>\n<p>&#8220;Claramente van a necesitar tomar medidas adicionales para mantener el equilibrio fiscal, que ya no tiene mucho margen. M\u00e1s all\u00e1 de cu\u00e1nto se sostenga en t\u00e9rminos econ\u00f3micos, no hay que perder de vista cu\u00e1nto va a aguantar la sociedad&#8221;, complementa Stefan. &#8220;\u00bfDe qu\u00e9 te sirve el super\u00e1vit si vos lo que vas a hacer es empobrecer a todo el mundo, ahorcar a las provincias y dem\u00e1s?&#8221;, problematiza la economista de Paridad en la Macro\u00a0<b>Laura Testa<\/b>.<\/p>\n<h2><b>Acumulaci\u00f3n de reservas: con controles de cambio<\/b><\/h2>\n<p>La compra de d\u00f3lares para engrosar las reservas internacionales del Banco Central acumulan casi 10 mil millones de d\u00f3lares junto a un super\u00e1vit comercial de 797 millones de d\u00f3lares en enero. &#8220;Este ritmo de recomposici\u00f3n de reservas fue posible en un contexto donde\u00a0<b>persisten los controles de cambio<\/b>\u00a0y a\u00fan no se ha regularizado el acceso al d\u00f3lar para importadores (enero registr\u00f3 la menor cantidad de pagos efectuados de importaciones para un enero desde 2004)&#8221;, explica Pessagno.<\/p>\n<div class=\"slot-available\"><\/div>\n<p>&#8220;Adem\u00e1s de haber pisado el pago de importaciones, tambi\u00e9n aport\u00f3 el parate en el nivel de actividad&#8221;, complementa el director de Econom\u00eda de Fundar\u00a0<b>Guido Zack<\/b>, &#8220;cuanto menor el nivel de actividad, menos importaciones hay, mayor super\u00e1vit y mayor capacidad para acumular reservas. En el momento en el que se normalice el pago de importaciones, la acumulaci\u00f3n de reservas va a ser mucho menor. Lo mismo cuando se reactive la econom\u00eda, que la demanda de importaciones va a ser mayor y la acumulaci\u00f3n de reservas va a ser menor. Con lo cual\u00a0<b>tampoco se puede pensar como algo sostenible en el tiempo<\/b>&#8220;.<\/p>\n<h2><b>El &#8220;buen&#8221; dato de la desaceleraci\u00f3n de la inflaci\u00f3n\u00a0<\/b><\/h2>\n<p>&#8220;La inflaci\u00f3n de enero y febrero, que muestran una desaceleraci\u00f3n respecto al 25,5 por ciento de diciembre, distan de ser \u00e9xitos de la gesti\u00f3n por m\u00e1s que se quiera instalar que se evit\u00f3 una hiperinflaci\u00f3n del 15000 por ciento&#8221;, sentencia Pessagno, &#8220;las causas de esa desaceleraci\u00f3n deben buscarse en el ancla cambiaria basada en el crawling del 2 por ciento luego de la fuerte devaluaci\u00f3n de diciembre, en la brutal ca\u00edda de la actividad que le puso cierto freno a la remarcaci\u00f3n, y en la cl\u00e1sica din\u00e1mica de sobre reacci\u00f3n en el primer mes posterior a una devaluaci\u00f3n de ese calibre&#8221;.<\/p>\n<div class=\"slot-available\"><\/div>\n<p>&#8220;Que la inflaci\u00f3n est\u00e9 desaceler\u00e1ndose es relativo&#8221;, complejiza Testa, &#8220;Porque en realidad ellos llevaron la inflaci\u00f3n a 25 puntos y ahora est\u00e1 en 13, o sea, m\u00e1s alta que el peor mes de la gesti\u00f3n anterior&#8221;.<\/p>\n<h2><b>Menor brecha cambiaria<\/b><\/h2>\n<p>&#8220;Objetivamente, este podr\u00eda ser el &#8220;mejor&#8221; dato, porque bajaron de 150 a 17 por ciento la brecha cambiaria&#8221;, explica Stefan y contin\u00faa, &#8220;el tema de nuevo es a qu\u00e9 costo. Lo lograron con un salto de tipo de cambio del 118 por ciento&#8221;.<\/p>\n<p>&#8220;La verdad que el tipo de cambio qued\u00f3 atrasado, un poco por la promesa del crawling peg al 2 por ciento, que se est\u00e1 cumpliendo, y por la tasa de inter\u00e9s que atrae capitales, que seguramente son de corto plazo&#8221;, se explaya Zack. &#8220;A medida que se vayan corriendo algunas de las variables y se complique la cosa, esos capitales posiblemente salgan y, cuando salgan, ampliar\u00e1n la brecha. La sensaci\u00f3n es que ya estamos muy apreciados. Todas estas noticias de bienes y servicios que son m\u00e1s caros en Argentina que en Europa, por ejemplo, productos de la canasta b\u00e1sica alimentaria ya van dando indicios de que este tipo de cambio ya no estar\u00eda siendo sostenible en el tiempo&#8221;.<\/p>\n","protected":false},"excerpt":{"rendered":"<p>Super\u00e1vit fiscal, aumento de reservas internacionales, desaceleraci\u00f3n de la inflaci\u00f3n, ca\u00edda de la brecha cambiaria. Son las variables que Javier Milei exhibe, aplaude, festeja. Los n\u00fameros &#8220;que cierran&#8221;. Tambi\u00e9n es\u00a0la vara con la que mide el presidente su gesti\u00f3n. Incluso omitiendo los derrumbres\u00a0de las variables de la econom\u00eda real como la actividad, el consumo, o [&hellip;]<\/p>\n","protected":false},"author":2,"featured_media":21622,"comment_status":"open","ping_status":"open","sticky":false,"template":"","format":"standard","meta":{"footnotes":""},"categories":[65,64],"tags":[],"class_list":["post-23212","post","type-post","status-publish","format-standard","has-post-thumbnail","hentry","category-economia","category-nacionales"],"_links":{"self":[{"href":"https:\/\/radiosurfm.com\/web\/wp-json\/wp\/v2\/posts\/23212","targetHints":{"allow":["GET"]}}],"collection":[{"href":"https:\/\/radiosurfm.com\/web\/wp-json\/wp\/v2\/posts"}],"about":[{"href":"https:\/\/radiosurfm.com\/web\/wp-json\/wp\/v2\/types\/post"}],"author":[{"embeddable":true,"href":"https:\/\/radiosurfm.com\/web\/wp-json\/wp\/v2\/users\/2"}],"replies":[{"embeddable":true,"href":"https:\/\/radiosurfm.com\/web\/wp-json\/wp\/v2\/comments?post=23212"}],"version-history":[{"count":0,"href":"https:\/\/radiosurfm.com\/web\/wp-json\/wp\/v2\/posts\/23212\/revisions"}],"wp:featuredmedia":[{"embeddable":true,"href":"https:\/\/radiosurfm.com\/web\/wp-json\/wp\/v2\/media\/21622"}],"wp:attachment":[{"href":"https:\/\/radiosurfm.com\/web\/wp-json\/wp\/v2\/media?parent=23212"}],"wp:term":[{"taxonomy":"category","embeddable":true,"href":"https:\/\/radiosurfm.com\/web\/wp-json\/wp\/v2\/categories?post=23212"},{"taxonomy":"post_tag","embeddable":true,"href":"https:\/\/radiosurfm.com\/web\/wp-json\/wp\/v2\/tags?post=23212"}],"curies":[{"name":"wp","href":"https:\/\/api.w.org\/{rel}","templated":true}]}}