{"id":23371,"date":"2024-04-03T10:07:06","date_gmt":"2024-04-03T13:07:06","guid":{"rendered":"https:\/\/radiosurfm.com\/web\/?p=23371"},"modified":"2024-04-03T10:09:45","modified_gmt":"2024-04-03T13:09:45","slug":"valdes-afirma-que-milei-esta-en-el-rumbo-correcto-pero-dice-que-delinque-al-reclamarle-una-deuda-multimillonaria","status":"publish","type":"post","link":"https:\/\/radiosurfm.com\/web\/2024\/04\/03\/valdes-afirma-que-milei-esta-en-el-rumbo-correcto-pero-dice-que-delinque-al-reclamarle-una-deuda-multimillonaria\/","title":{"rendered":"Vald\u00e9s afirma que Milei esta en el rumbo correcto, pero dice que delinque al reclamarle una deuda multimillonaria"},"content":{"rendered":"<p><span class=\"intro\">Las incongruencias del gobernador Vald\u00e9s no dejan de asombrar, hace pocos d\u00edas afirmaba que Milei estaba en el rumbo correcto, pero ayer lo tild\u00f3 de delincuente al no cumplir la ley al no girarle 100 mil millones que la Naci\u00f3n le adeuda a la provincia, <em><strong>&#8220;El que incumple la ley, comete delito&#8221; dijo y quien comete delito es un delincuente.<\/strong><\/em> La permanente postura de Vald\u00e9s de querer quedar bien con todos lo lleva a mostrar estas posturas ambivalentes.<\/span><\/p>\n<p><span class=\"cuerpo\">El gobernador reiter\u00f3 que la provincia de Corrientes mantiene sus reclamos por unos $100 mil millones que la Naci\u00f3n le adeuda. <strong><em>&#8220;Nos mandaron cero pesos&#8221;<\/em><\/strong>, afirm\u00f3 al informar sobre la decisi\u00f3n nacional de no girar los recursos de la Administraci\u00f3n Nacional de la Seguridad Social (ANSES) para compensar el d\u00e9ficit del Instituto de Previsi\u00f3n Social (IPS) como parte de los pactos fiscales firmados con la administraci\u00f3n federal.<\/span><\/p>\n<p>Gustavo Vald\u00e9s explic\u00f3 adem\u00e1s que esas acreencias a favor de la gesti\u00f3n local se componen de unos<strong><em> &#8220;25 mil millones de fondos para el IPS, m\u00e1s otro tanto de regal\u00edas, m\u00e1s otro tanto de un acuerdo fiscal no pagado que deben&#8221;.<\/em><\/strong><\/p>\n<p>Consultado sobre el recorte del fondo de compensaci\u00f3n de los d\u00e9ficits de las cajas previsionales no transferidas a la Naci\u00f3n y la respuesta fue contundente:<em><strong> &#8220;No nos mandaron nada desde principio de a\u00f1o&#8221;. Y record\u00f3: &#8220;Tenemos una demanda metida hace varios meses; son 25 mil millones que le deben a la provincia, m\u00e1s otro tanto de regal\u00edas, m\u00e1s otro tanto de un acuerdo fiscal no pagado y calculamos que son unos cien mil millones que nos deben&#8221;.<\/strong><\/em><\/p>\n<p>&#8220;Este a\u00f1o el Gobierno mand\u00f3 cero pesos para compensar caja. Por lo tanto hemos hecho la demanda ante la Corte Suprema de Justicia para que paguen a los jubilados correntinos que ahora hacemos frente con nuestros recursos y eso es lo que nos deben&#8221;, insisti\u00f3 para agregar:<em><strong> &#8220;As\u00ed como nos quieren cobrar tienen que pagarnos porque es ley, y el que incumple la ley comete un delito&#8221;.<\/strong><\/em><\/p>\n<p>Ante la consulta respecto a que el recorte pueda entenderse como un apriete a los gobernadores para que se negocie la Ley Bases respondi\u00f3:<em><strong> &#8220;Nosotros tenemos nuestros recursos bien estables, no tenemos deuda, administramos bien, con plata no nos van a apretar, el correntino nunca se amansa a guachazos. Lo intentaron hacer los kirchneristas; que no intenten el mismo camino&#8221;.<\/strong><\/em><\/p>\n<p>As\u00ed como nos quieren cobrar tienen que pagarnos porque es ley, y el que incumple la ley comete un delito&#8221;<\/p>\n<p>En ese punto fue que enfatiz\u00f3: <strong><em>&#8220;As\u00ed como nos cobran, nosotros reclamamos que nos paguen lo que nos deben. Lo que hace a la equidad del debe y de haber, por eso reclamamos a Naci\u00f3n esos recursos que nos vendr\u00edan muy bien en estos tiempos de crisis&#8221;.<\/em><\/strong><\/p>\n<p>Despu\u00e9s explic\u00f3 que se trata de una acreencia hist\u00f3rica de la provincia de Corrientes. &#8220;Desde enero no mandaron m\u00e1s plata; el Gobierno anterior mandaba 400 millones de pesos al a\u00f1o, que es una cifra que nos pusimos de acuerdo en 2017, nunca m\u00e1s lo actualizaron y a este a\u00f1o correspond\u00eda 400 millones de pesos, cuando actualizamos ese monto nos da un total de 20 mil millones de pesos que deber\u00eda pagarse para el a\u00f1o en curso, que es m\u00e1s o menos la acreencia y el rojo que dio el IPS&#8221;.<\/p>\n<p>En ese punto insisti\u00f3 con la tesis de sostener el di\u00e1logo. &#8220;Sentarnos a conversar para ver lo que nos deben, cu\u00e1nto nos deben y de esa manera llegar a un entendimiento&#8221;. <em><strong>&#8220;Simplemente reclamamos lo que es nuestro. Al correntino nunca le regalan nada y no queremos que nos regalen, pero tampoco queremos que nos saquen injustamente&#8221;, complet\u00f3.<\/strong><\/em><\/p>\n<p>Corrientes, 4 de abril de 2024<\/p>\n","protected":false},"excerpt":{"rendered":"<p>Las incongruencias del gobernador Vald\u00e9s no dejan de asombrar, hace pocos d\u00edas afirmaba que Milei estaba en el rumbo correcto, pero ayer lo tild\u00f3 de delincuente al no cumplir la ley al no girarle 100 mil millones que la Naci\u00f3n le adeuda a la provincia, &#8220;El que incumple la ley, comete delito&#8221; dijo y quien [&hellip;]<\/p>\n","protected":false},"author":2,"featured_media":23372,"comment_status":"open","ping_status":"open","sticky":false,"template":"","format":"standard","meta":{"footnotes":""},"categories":[66,72],"tags":[],"class_list":["post-23371","post","type-post","status-publish","format-standard","has-post-thumbnail","hentry","category-politica-nacionales","category-provinciales"],"_links":{"self":[{"href":"https:\/\/radiosurfm.com\/web\/wp-json\/wp\/v2\/posts\/23371","targetHints":{"allow":["GET"]}}],"collection":[{"href":"https:\/\/radiosurfm.com\/web\/wp-json\/wp\/v2\/posts"}],"about":[{"href":"https:\/\/radiosurfm.com\/web\/wp-json\/wp\/v2\/types\/post"}],"author":[{"embeddable":true,"href":"https:\/\/radiosurfm.com\/web\/wp-json\/wp\/v2\/users\/2"}],"replies":[{"embeddable":true,"href":"https:\/\/radiosurfm.com\/web\/wp-json\/wp\/v2\/comments?post=23371"}],"version-history":[{"count":0,"href":"https:\/\/radiosurfm.com\/web\/wp-json\/wp\/v2\/posts\/23371\/revisions"}],"wp:featuredmedia":[{"embeddable":true,"href":"https:\/\/radiosurfm.com\/web\/wp-json\/wp\/v2\/media\/23372"}],"wp:attachment":[{"href":"https:\/\/radiosurfm.com\/web\/wp-json\/wp\/v2\/media?parent=23371"}],"wp:term":[{"taxonomy":"category","embeddable":true,"href":"https:\/\/radiosurfm.com\/web\/wp-json\/wp\/v2\/categories?post=23371"},{"taxonomy":"post_tag","embeddable":true,"href":"https:\/\/radiosurfm.com\/web\/wp-json\/wp\/v2\/tags?post=23371"}],"curies":[{"name":"wp","href":"https:\/\/api.w.org\/{rel}","templated":true}]}}