{"id":23714,"date":"2024-04-23T20:46:54","date_gmt":"2024-04-23T23:46:54","guid":{"rendered":"https:\/\/radiosurfm.com\/web\/?p=23714"},"modified":"2024-04-23T20:46:54","modified_gmt":"2024-04-23T23:46:54","slug":"multitudinaria-manifestacion-en-defensa-de-la-universidad-publica-en-corrientes-y-chaco","status":"publish","type":"post","link":"https:\/\/radiosurfm.com\/web\/2024\/04\/23\/multitudinaria-manifestacion-en-defensa-de-la-universidad-publica-en-corrientes-y-chaco\/","title":{"rendered":"Multitudinaria manifestaci\u00f3n en defensa de la universidad p\u00fablica en Corrientes y Chaco"},"content":{"rendered":"<p>Una gran cantidad de autos partieron en caravana desde los campus universitarios de Corrientes para Resistencia, en el marco de la movilizaci\u00f3n en defensa de la universidad p\u00fablica por el recorte presupuestario que aplica el gobierno nacional y que complica el funcionamiento de las casas de estudio en todo el pa\u00eds.<\/p>\n<p>Hasta el momento, se registra una movilizaci\u00f3n masiva de la que participan estudiantes, docentes, no docentes, graduados y cient\u00edficos de la universidad p\u00fablica.<\/p>\n<p>M\u00e1s de tres cuadras de personas unidas en el reclamo de garant\u00edas presupuestarias para la continuidad y normal funcionamiento de las universidades argentinas.<\/p>\n<p>Autoridades de la Unne encabezan la marcha que avanza nutrida tambi\u00e9n por docentes, investigadores, trabajadores, estudiantes y diversas agrupaciones estudiantiles, sindicales y partidarias.<\/p>\n<div class=\"container_publi\" data-tipo=\"tipo_desktop \" data-pos=\"AMP_P1_cuerpo\">\n<div class=\"gpt-load\" data-gpt=\"\/22675780113\/nota\/AMP_cuerpo_x\" data-size=\"[750,300]\"><\/div>\n<\/div>\n<p>El Vicerrector de la UNNE, Ing. Jos\u00e9 Leandro Basterra; la decana de la Facultad de Ciencias Econ\u00f3micas, Lic. Moira Carri\u00f3; la vicedecana de la Facultad de Humanidades, Prof. Anal\u00eda Garc\u00eda; el decano de la Facultad de Medicina, Prof. Germ\u00e1n Pagno; y la ex rectora de la UNNE, Prof. Delfina Veirav\u00e9, entre otros, alzaron la bandera con la leyenda \u201cEn defensa de la universidad p\u00fablica\u201d.<\/p>\n<p>En tanto, el decano de la Facultad de Ingenier\u00eda, Ing. Mario De Bortoli; el decano de la Facultad de Arquitectura, Arq. Miguel Barreto; el decano de FADYCC, Prof. Federico Veirav\u00e9; el Secretario General de Extensi\u00f3n de la UNNE, Lic. Patricio Gonz\u00e1lez; el Secretario General de Planeamiento, Cdor. Pablo Arnaiz; el director del CCU, Arq. Javier Vargas; el coordinador del CODESTE, Arq. Mario Berent; y la directora de la Direcci\u00f3n de Pol\u00edticas de G\u00e9nero y Diversidad, Mg. Erika Sanchez completaron el grupo de autoridades de la Universidad del Sol que se sumaron a la marcha desde el Campus.<\/p>\n<p>Adem\u00e1s, pese a la multitud, no se reportaron incidentes.<\/p>\n<div class=\"fixed-container f_height\">\n<p>\u201cSoy abogada, escribana y profesora de Ciencias Jur\u00eddicas, tres t\u00edtulos logrados en la Unne. Era el sue\u00f1o de mi padre, empleado ferroviario. Por eso estoy ac\u00e1\u201d, dijo Lilian Acosta quien se sum\u00f3 a la marcha con su cartel tambi\u00e9n por sus cuatro hijos, tambi\u00e9n egresados de la universidad p\u00fablica.<\/p>\n<div class=\"container_publi\" data-tipo=\"tipo_desktop \" data-pos=\"AMP_P2_cuerpo\">\n<div class=\" lazyloaded\" data-gpt=\"\/22675780113\/nota\/AMP_cuerpo_x\" data-size=\"[750,300]\" data-expand=\"300\"><\/div>\n<\/div>\n<p>\u201cEn la privada no hubiera podido\u201d, asegur\u00f3 entre l\u00e1grimas.<\/p>\n<p>En tanto, Luc\u00eda, Luna y Milena alumnas de quinto de la escuela Nacional salieron de clases y desde la vereda del colegio alentaron y apoyaron la marcha. \u201cQueremos seguir estudiando pero ahora no sabemos si vamos a poder\u201d, dijeron para explicar porqu\u00e9 respaldan la movilizaci\u00f3n y el reclamo.<\/p>\n<p>\u201cMi mam\u00e1 es profesora en la Universidad. S\u00e9 lo que trabajan y lo que vale la educaci\u00f3n p\u00fablica, agreg\u00f3 Luc\u00eda.<\/p>\n<div class=\"fixed-container f_height\"><\/div>\n<\/div>\n","protected":false},"excerpt":{"rendered":"<p>Una gran cantidad de autos partieron en caravana desde los campus universitarios de Corrientes para Resistencia, en el marco de la movilizaci\u00f3n en defensa de la universidad p\u00fablica por el recorte presupuestario que aplica el gobierno nacional y que complica el funcionamiento de las casas de estudio en todo el pa\u00eds. Hasta el momento, se [&hellip;]<\/p>\n","protected":false},"author":2,"featured_media":23715,"comment_status":"open","ping_status":"open","sticky":false,"template":"","format":"standard","meta":{"footnotes":""},"categories":[72],"tags":[],"class_list":["post-23714","post","type-post","status-publish","format-standard","has-post-thumbnail","hentry","category-provinciales"],"_links":{"self":[{"href":"https:\/\/radiosurfm.com\/web\/wp-json\/wp\/v2\/posts\/23714","targetHints":{"allow":["GET"]}}],"collection":[{"href":"https:\/\/radiosurfm.com\/web\/wp-json\/wp\/v2\/posts"}],"about":[{"href":"https:\/\/radiosurfm.com\/web\/wp-json\/wp\/v2\/types\/post"}],"author":[{"embeddable":true,"href":"https:\/\/radiosurfm.com\/web\/wp-json\/wp\/v2\/users\/2"}],"replies":[{"embeddable":true,"href":"https:\/\/radiosurfm.com\/web\/wp-json\/wp\/v2\/comments?post=23714"}],"version-history":[{"count":0,"href":"https:\/\/radiosurfm.com\/web\/wp-json\/wp\/v2\/posts\/23714\/revisions"}],"wp:featuredmedia":[{"embeddable":true,"href":"https:\/\/radiosurfm.com\/web\/wp-json\/wp\/v2\/media\/23715"}],"wp:attachment":[{"href":"https:\/\/radiosurfm.com\/web\/wp-json\/wp\/v2\/media?parent=23714"}],"wp:term":[{"taxonomy":"category","embeddable":true,"href":"https:\/\/radiosurfm.com\/web\/wp-json\/wp\/v2\/categories?post=23714"},{"taxonomy":"post_tag","embeddable":true,"href":"https:\/\/radiosurfm.com\/web\/wp-json\/wp\/v2\/tags?post=23714"}],"curies":[{"name":"wp","href":"https:\/\/api.w.org\/{rel}","templated":true}]}}