{"id":23761,"date":"2024-04-26T13:15:53","date_gmt":"2024-04-26T16:15:53","guid":{"rendered":"https:\/\/radiosurfm.com\/web\/?p=23761"},"modified":"2024-04-26T13:15:53","modified_gmt":"2024-04-26T16:15:53","slug":"el-gobierno-no-se-da-por-vencido-con-la-privatizacion-del-banco-nacion","status":"publish","type":"post","link":"https:\/\/radiosurfm.com\/web\/2024\/04\/26\/el-gobierno-no-se-da-por-vencido-con-la-privatizacion-del-banco-nacion\/","title":{"rendered":"El Gobierno no se da por vencido con la privatizaci\u00f3n del Banco Naci\u00f3n"},"content":{"rendered":"<p>A pesar de que el oficialismo en el Congreso negoci\u00f3 ayer quitar al\u00a0<b>Banco Naci\u00f3n<\/b>\u00a0del listado de\u00a0<b>organismos estatales a privatizar<\/b>, el gobierno de Javier Milei confirm\u00f3 este viernes que\u00a0<b>ir\u00e1 a contramano de su propia palabra<\/b>\u00a0e insistir\u00e1 con esa intentona.<\/p>\n<p>As\u00ed lo confirm\u00f3 el ministro del Interior, Guillermo Francos.\u00a0<b>\u201cNo es un tema que hemos dejado de lado, al contrario\u201d<\/b>, reconoci\u00f3 el funcionario y, por si no qued\u00f3 claro, ratific\u00f3:\u00a0<b>\u201cEs un debate que vamos a dar otra vez&#8221;<\/b>.<\/p>\n<div id=\"talkFireEvent\"><\/div>\n<p>La decisi\u00f3n de La Libertad Avanza (LLA) de borrar con el codo lo que escribi\u00f3 con la mano hace horas evidencia que\u00a0<b>nunca estuvo en los papeles del Gobierno dar marcha atr\u00e1s con la privatizaci\u00f3n del Banco Naci\u00f3n<\/b>.<\/p>\n<div class=\"slot-available\"><\/div>\n<p><b>La jugada obligada a la que ayer debi\u00f3 acceder el oficialismo<\/b>\u00a0durante el debate en comisi\u00f3n de la\u00a0<b>Ley \u00d3mnibus<\/b>\u00a0fue quitar a esa entidad crediticia del listado de empresas a privatizar.\u00a0El objetivo que evitar que la iniciativa volviera a caer\u00a0cuando en el recinto tenga lugar la votaci\u00f3n en particular.<\/p>\n<div id=\"ad-slot-video_inread\" class=\"ad-slot-video_inread ad-slot\" data-adtype=\"video_inread\" data-google-query-id=\"CPL2xo-j4IUDFWRI3QIddMQLkQ\">\n<div id=\"google_ads_iframe_\/349353471\/p12\/nota_video_inread_0__container__\"><iframe id=\"google_ads_iframe_\/349353471\/p12\/nota_video_inread_0\" tabindex=\"0\" title=\"3rd party ad content\" name=\"google_ads_iframe_\/349353471\/p12\/nota_video_inread_0\" width=\"1\" height=\"1\" frameborder=\"0\" marginwidth=\"0\" marginheight=\"0\" scrolling=\"no\" aria-label=\"Advertisement\" data-load-complete=\"true\" data-google-container-id=\"4\" data-mce-fragment=\"1\"><\/iframe><\/div>\n<\/div>\n<p>Pero claramente fue un enroque. Y\u00a0<b>el argumento privatizador al que ahora apel\u00f3 Francos es al cambio del formato<\/b>.<\/p>\n<p>Para que la movida sea m\u00e1s amigable, el ministro dijo que la intenci\u00f3n no es entregarle al mercado el 49 por ciento del paquete del BN, tal como se hab\u00eda planificado, sino\u00a0<b>tomar como modelo lo que hizo el presidente Luis Inacio Lula Da Silva con el Banco do Brasil, que cotiza en la Bolsa de Nueva York<\/b>.<\/p>\n<div class=\"slot-available\"><\/div>\n<p><b>\u201cEl banco cotiza afuera del pa\u00eds y tiene un capital impresionante\u201d<\/b>, destac\u00f3 Francos haciendo un elogio de soslayo al mandatario brasile\u00f1o que, en m\u00e1s de una oportunidad, el presidente Milei desde\u00f1\u00f3 por \u201ccomunista\u201d.<\/p>\n<p>Durante una entrevista por Radio Mitre, el ministro del Interior insisti\u00f3:\u00a0<b>\u201cSi un banco p\u00fablico en Brasil, bajo la presidencia de Lula, se convirti\u00f3 en una empresa que cotiza en bolsa y que incluy\u00f3 capital privado, \u00bfpor qu\u00e9 no hacerlo nosotros ac\u00e1?\u201d<\/b><\/p>\n<p>\u201dUn banco que cotiza en la bolsa genera una serie de controles y transparencia en la gesti\u00f3n que va a\u00a0<b>cambiar absolutamente la concepci\u00f3n de la banca p\u00fablica<\/b>\u00a0en la Argentina\u201d, agreg\u00f3.<\/p>\n<div class=\"slot-available\"><\/div>\n<p>Adem\u00e1s, sostuvo que\u00a0<b>el Gobierno ha \u201cestudiado muy bien\u201d el tema<\/b>, asegur\u00f3 que tambi\u00e9n\u00a0<b>\u201clo ha analizado muy bien la conducci\u00f3n del Banco Naci\u00f3n\u201d<\/b>\u00a0y arriesg\u00f3 que desde Casa Rosada \u201cesperamos que en el futuro podamos debatirlo y convencer al resto de los sectores pol\u00edticos\u201d.<\/p>\n<p>&nbsp;<\/p>\n<p>Luego apel\u00f3 a un supuesto criterio modernizador:\u00a0<b>\u201cEstamos en un concepto viejo, de no permitir el trabajo conjunto del capital privado y p\u00fablico\u201d<\/b>, dijo para ratificar la entrega.<\/p>\n","protected":false},"excerpt":{"rendered":"<p>A pesar de que el oficialismo en el Congreso negoci\u00f3 ayer quitar al\u00a0Banco Naci\u00f3n\u00a0del listado de\u00a0organismos estatales a privatizar, el gobierno de Javier Milei confirm\u00f3 este viernes que\u00a0ir\u00e1 a contramano de su propia palabra\u00a0e insistir\u00e1 con esa intentona. As\u00ed lo confirm\u00f3 el ministro del Interior, Guillermo Francos.\u00a0\u201cNo es un tema que hemos dejado de lado, [&hellip;]<\/p>\n","protected":false},"author":2,"featured_media":23762,"comment_status":"open","ping_status":"open","sticky":false,"template":"","format":"standard","meta":{"footnotes":""},"categories":[65,64],"tags":[],"class_list":["post-23761","post","type-post","status-publish","format-standard","has-post-thumbnail","hentry","category-economia","category-nacionales"],"_links":{"self":[{"href":"https:\/\/radiosurfm.com\/web\/wp-json\/wp\/v2\/posts\/23761","targetHints":{"allow":["GET"]}}],"collection":[{"href":"https:\/\/radiosurfm.com\/web\/wp-json\/wp\/v2\/posts"}],"about":[{"href":"https:\/\/radiosurfm.com\/web\/wp-json\/wp\/v2\/types\/post"}],"author":[{"embeddable":true,"href":"https:\/\/radiosurfm.com\/web\/wp-json\/wp\/v2\/users\/2"}],"replies":[{"embeddable":true,"href":"https:\/\/radiosurfm.com\/web\/wp-json\/wp\/v2\/comments?post=23761"}],"version-history":[{"count":0,"href":"https:\/\/radiosurfm.com\/web\/wp-json\/wp\/v2\/posts\/23761\/revisions"}],"wp:featuredmedia":[{"embeddable":true,"href":"https:\/\/radiosurfm.com\/web\/wp-json\/wp\/v2\/media\/23762"}],"wp:attachment":[{"href":"https:\/\/radiosurfm.com\/web\/wp-json\/wp\/v2\/media?parent=23761"}],"wp:term":[{"taxonomy":"category","embeddable":true,"href":"https:\/\/radiosurfm.com\/web\/wp-json\/wp\/v2\/categories?post=23761"},{"taxonomy":"post_tag","embeddable":true,"href":"https:\/\/radiosurfm.com\/web\/wp-json\/wp\/v2\/tags?post=23761"}],"curies":[{"name":"wp","href":"https:\/\/api.w.org\/{rel}","templated":true}]}}