{"id":23873,"date":"2024-05-05T21:03:02","date_gmt":"2024-05-06T00:03:02","guid":{"rendered":"https:\/\/radiosurfm.com\/web\/?p=23873"},"modified":"2024-05-05T21:03:02","modified_gmt":"2024-05-06T00:03:02","slug":"paso-de-los-libres-entro-en-etapa-de-alerta-por-la-crecida-del-rio-uruguay","status":"publish","type":"post","link":"https:\/\/radiosurfm.com\/web\/2024\/05\/05\/paso-de-los-libres-entro-en-etapa-de-alerta-por-la-crecida-del-rio-uruguay\/","title":{"rendered":"Paso de los Libres entr\u00f3 en etapa de alerta por la crecida del r\u00edo Uruguay"},"content":{"rendered":"<p>La localidad correntina de Paso de los Libres entr\u00f3 en etapa de alerta por la creciente del r\u00edo Uruguay, as\u00ed lo informaron\u00a0este domingo desde la Direcci\u00f3n de Defensa Civil del Municipio.<\/p>\n<p>En este sentido, detallaron que este domingo\u00a0en el puerto local el \u00faltimo registro se ubic\u00f3 en los 7.87 mts, por encima de la marca de alerta que es de 7.50 mts y por debajo de la de evacuaci\u00f3n, que son los 8.50 mts.<\/p>\n<div id=\"sm-it-main-container-1714953232509\" class=\"sm-it-main-container\" data-it=\"689a95de-68ff-4b80-ad4d-5f3492799fee\" data-device=\"desktop\" data-index=\"0\">\n<div id=\"sm-reference-1714953232509\" class=\"sm-reference\"><\/div>\n<\/div>\n<p>Hasta el momento, no existen evacuados, ni autoevacuados ni viviendas afectadas.<\/p>\n<p>Las \u00faltimas tareas en conjunto con la Direcci\u00f3n de Tr\u00e1nsito y la Prefectura Naval Argentina consistieron en el monitoreo y el patrullaje de los lugares con cierre total al tr\u00e1nsito peatonal y vehicular, tanto en la costanera de la ciudad como el Paso Tronc\u00f3n en la ruta provincial N\u00b0 155.<\/p>\n<p>Por tal motivo, recomiendan a los\u00a0\u00a0peatones y conductores respetar las indicaciones del personal municipal y evitar circular por zonas costeras debido a la posible presencia de alima\u00f1as.<\/p>\n<p>Asimismo, solicitan estar atentos a los comunicados que surjan de la Direcci\u00f3n de Defensa Civil y ante cualquier emergencia o solicitud de evacuaci\u00f3n, ponerse en contacto al tel\u00e9fono N\u00b0103.<\/p>\n","protected":false},"excerpt":{"rendered":"<p>La localidad correntina de Paso de los Libres entr\u00f3 en etapa de alerta por la creciente del r\u00edo Uruguay, as\u00ed lo informaron\u00a0este domingo desde la Direcci\u00f3n de Defensa Civil del Municipio. En este sentido, detallaron que este domingo\u00a0en el puerto local el \u00faltimo registro se ubic\u00f3 en los 7.87 mts, por encima de la marca [&hellip;]<\/p>\n","protected":false},"author":2,"featured_media":23874,"comment_status":"open","ping_status":"open","sticky":false,"template":"","format":"standard","meta":{"footnotes":""},"categories":[72],"tags":[],"class_list":["post-23873","post","type-post","status-publish","format-standard","has-post-thumbnail","hentry","category-provinciales"],"_links":{"self":[{"href":"https:\/\/radiosurfm.com\/web\/wp-json\/wp\/v2\/posts\/23873","targetHints":{"allow":["GET"]}}],"collection":[{"href":"https:\/\/radiosurfm.com\/web\/wp-json\/wp\/v2\/posts"}],"about":[{"href":"https:\/\/radiosurfm.com\/web\/wp-json\/wp\/v2\/types\/post"}],"author":[{"embeddable":true,"href":"https:\/\/radiosurfm.com\/web\/wp-json\/wp\/v2\/users\/2"}],"replies":[{"embeddable":true,"href":"https:\/\/radiosurfm.com\/web\/wp-json\/wp\/v2\/comments?post=23873"}],"version-history":[{"count":0,"href":"https:\/\/radiosurfm.com\/web\/wp-json\/wp\/v2\/posts\/23873\/revisions"}],"wp:featuredmedia":[{"embeddable":true,"href":"https:\/\/radiosurfm.com\/web\/wp-json\/wp\/v2\/media\/23874"}],"wp:attachment":[{"href":"https:\/\/radiosurfm.com\/web\/wp-json\/wp\/v2\/media?parent=23873"}],"wp:term":[{"taxonomy":"category","embeddable":true,"href":"https:\/\/radiosurfm.com\/web\/wp-json\/wp\/v2\/categories?post=23873"},{"taxonomy":"post_tag","embeddable":true,"href":"https:\/\/radiosurfm.com\/web\/wp-json\/wp\/v2\/tags?post=23873"}],"curies":[{"name":"wp","href":"https:\/\/api.w.org\/{rel}","templated":true}]}}