{"id":23988,"date":"2024-05-10T17:44:36","date_gmt":"2024-05-10T20:44:36","guid":{"rendered":"https:\/\/radiosurfm.com\/web\/?p=23988"},"modified":"2024-05-10T17:44:36","modified_gmt":"2024-05-10T20:44:36","slug":"dirigentes-ferroviarios-responsabilizaron-al-gobierno-nacional-por-el-choque-del-tren-san-martin","status":"publish","type":"post","link":"https:\/\/radiosurfm.com\/web\/2024\/05\/10\/dirigentes-ferroviarios-responsabilizaron-al-gobierno-nacional-por-el-choque-del-tren-san-martin\/","title":{"rendered":"Dirigentes ferroviarios responsabilizaron al Gobierno nacional por el choque del tren San Mart\u00edn"},"content":{"rendered":"<p>Dirigentes sindicales ferroviarios\u00a0<b>responsabilizaron<\/b>\u00a0<b>al gobierno nacional por el\u00a0<\/b><b>choque de trenes<\/b>\u00a0de esta ma\u00f1ana en el\u00a0<b>ferrocarril San Mart\u00edn<\/b><b><\/b>. Aseguraron que ya hab\u00edan denunciado los problemas t\u00e9cnicos en la l\u00ednea, pero que la empresa Trenes Argentinos\u00a0<b>no hizo las reparaciones\u00a0con el argumento de que no hab\u00eda plata<\/b>\u00a0para los repuestos. El secretario de Transporte, Franco Mogetta, lament\u00f3 lo sucedido y asegur\u00f3 que &#8220;est\u00e1n investigando&#8221; y que pusieron a disposici\u00f3n &#8220;todos los recursos&#8221;.<\/p>\n<p><b>Omar Maturano<\/b>, titular de La Fraternidad, revel\u00f3 que \u201chace diez d\u00edas que (desde el gremio) se denunci\u00f3\u00a0<b>el robo de los cables de se\u00f1alamiento<\/b>\u201d en esas v\u00edas.\u00a0Por su parte, el secretario general de la Seccional Oeste de la Uni\u00f3n Ferroviaria, Rub\u00e9n &#8220;Pollo&#8221; Sobrero, pidi\u00f3 cargar en incidente &#8220;a la cuenta de (el presidente Javier) Milei, por la falta de inversiones&#8221;.<\/p>\n<div id=\"talkFireEvent\"><\/div>\n<div id=\"ad-slot-video_inread\" class=\"ad-slot-video_inread ad-slot\" data-adtype=\"video_inread\" data-google-query-id=\"CJOr0aj4g4YDFVlMuAQdCBAEvw\">\n<div id=\"google_ads_iframe_\/349353471\/p12\/nota_video_inread_0__container__\"><iframe id=\"google_ads_iframe_\/349353471\/p12\/nota_video_inread_0\" tabindex=\"0\" title=\"3rd party ad content\" name=\"google_ads_iframe_\/349353471\/p12\/nota_video_inread_0\" width=\"1\" height=\"1\" frameborder=\"0\" marginwidth=\"0\" marginheight=\"0\" scrolling=\"no\" aria-label=\"Advertisement\" data-load-complete=\"true\" data-google-container-id=\"3\" data-mce-fragment=\"1\"><\/iframe><\/div>\n<\/div>\n<div class=\"slot-available\"><\/div>\n<p>Seg\u00fan Maturano, el choque de hoy y los dem\u00e1s problemas que d\u00eda a d\u00eda tienen todas las l\u00edneas de trenes es parte de una estrategia del gobierno nacional: &#8220;Nos est\u00e1n llevando a que venga un capital privado&#8221; y\u00a0<b>&#8220;no estamos a favor de la privatizaci\u00f3n&#8221;<\/b>\u00a0del servicio, a\u00f1adi\u00f3.<\/p>\n<p>Seg\u00fan inform\u00f3 el dirigente, el choque y posterior descarrilamiento entre una formaci\u00f3n de mantenimiento contra otra que hab\u00eda salido desde Retiro rumbo al conurbano bonaerense pudo haberse evitado, pero\u00a0<b>se produjo por \u201cfalta de respuestas\u201d de la empresa que, desde que asumi\u00f3 Javier Milei, recort\u00f3 sus gastos<\/b>.<\/p>\n<p>El origen del problema, cont\u00f3, fue el\u00a0<b>robo de los cables de se\u00f1alamiento<\/b>\u00a0que conectan el circuito que le da informaci\u00f3n a los motorman para circular o no por determinadas v\u00edas. La denuncia del caso fue hecha pero hasta el momento no hubo soluci\u00f3n.<\/p>\n<div class=\"slot-available\"><\/div>\n<p><b>\u201cHace 10 d\u00edas que estamos trabajando as\u00ed porque se roban los cables de se\u00f1alamiento y no lo reparan porque dicen que no hay plata para los repuestos\u201d<\/b>, asegur\u00f3 Maturano.<\/p>\n<p>En la misma l\u00ednea se expres\u00f3 Sobrero: &#8220;S\u00e9 que hubo un problema de se\u00f1ales; hab\u00eda compa\u00f1eros que ven\u00edan denunciando fallas en ese sistema. Se pararon todas las obras&#8221;, manifest\u00f3 y apunt\u00f3 que incluso tienen &#8220;locomotoras paradas&#8221; y &#8220;v\u00edas que no se est\u00e1n reparando&#8221;.<\/p>\n<p>Maturano expic\u00f3 que debido a la falta se se\u00f1alamiento, el m\u00e9todo a trav\u00e9s del cual los choferes salen de las terminales es \u201ccon una autorizaci\u00f3n escrita para ocupar la v\u00eda\u201d. Ese papel \u201cda v\u00eda libre\u201d para circular, aunque\u00a0<b>\u201ccon precauci\u00f3n porque un escrito no es lo mismo que un circuito\u201d<\/b>.<\/p>\n<div class=\"slot-available\"><\/div>\n<p>\u201cEl circuito te asegura de que no ten\u00e9s nada adelante, pero no hay circuito porque no hay cables\u201d, insisti\u00f3 el dirigente durante una entrevista radial. Y el hecho de que el chofer condujera \u201ccon precauci\u00f3n\u201d fue el motivo por el cual \u201cno ocurri\u00f3 un desastre\u201d, a\u00f1adi\u00f3.<\/p>\n<p>Tambi\u00e9n cuestion\u00f3 la falta de previsiones que tiene la infraestructura ferroviaria en la zona donde ocurri\u00f3 el accidente. \u201c<b>En esa zona no hay lugar para evacuar a la gente ni que baje un helic\u00f3ptero.<\/b>\u00a0Tuvieron que romper el alambrado para sacar a los heridos\u201d.<\/p>\n<p>\u201cLos gobiernos no piensan el ferrocarril a futuro.\u00a0<b>Antes el Estado se olvid\u00f3 de los trenes, pero ahora el Estado directamente no est\u00e1 presente<\/b>\u201d, sentenci\u00f3.<\/p>\n<h2>La respuesta del Gobierno<\/h2>\n<p>Luego del accidente,\u00a0<b>Mogetta<\/b>\u00a0se solidariz\u00f3 con &#8220;las v\u00edctimas y sus familiares&#8221; y asegur\u00f3 que pusieron &#8220;a disposici\u00f3n todos los recursos&#8221; para llevar adelante la investigaci\u00f3n.<\/p>\n<div class=\"slot-available\"><\/div>\n<p>\u201cL\u00f3gicamente estamos investigando las causas del accidente, hay m\u00faltiples hip\u00f3tesis. No podemos adelantar nada ni descartar nada\u201d, subray\u00f3.<\/p>\n<p>El secretario de Transporte dio cuenta de las\u00a0<b>denuncias por los robos de cables<\/b>. &#8220;Hay alg\u00fan tema para investigar en cuanto a las se\u00f1ales que se dan desde la formaciones hacia afuera como los banderilleros y el se\u00f1alamiento. No tenemos los detalles, estamos investigando&#8221;, dijo.<\/p>\n<h2>El recorte en los trenes<\/h2>\n<p>Por otra parte, Maturano consider\u00f3 que durante los \u00faltimos meses\u00a0<b>hubo \u201cuna degradaci\u00f3n total de la empresa\u201d<\/b>. \u201cNo solamente no hay repuestos de se\u00f1alamiento sino tampoco mantenimiento para locomotoras y coches.\u201d<\/p>\n<div class=\"slot-available\"><\/div>\n<p>\u201cSeg\u00fan los que conducen la empresa, no hay presupuestos para los coches-locomotoras chinas que se compraron nuevas\u00a0<b>Tenemos 60 paradas, adem\u00e1s de 150 coches el\u00e9ctricos degradados y desmantelado<\/b>s porque les se sacan repuestos\u201d.<\/p>\n<p>Adem\u00e1s, inform\u00f3 que durante las \u00faltimas semanas hubo una notable baja en el servicio.\u00a0<b>\u201cDe lunes a viernes estamos conduciendo con una frecuencia de s\u00e1bado, es decir del 70 por ciento\u201d<\/b>\u00a0respecto de la capacidad operativa total. \u201cY los s\u00e1bados trabajamos como si fuera domingo\u201d, con la frecuencia reducida al 50 por ciento, agreg\u00f3.<\/p>\n<p>En su opini\u00f3n, esto y los dem\u00e1s problemas que tienen todas las l\u00edneas de trenes es producto de una estrategia del gobierno nacional:\u00a0<b>&#8220;Nos est\u00e1n llevando a que venga un capital privado y compre la empresa (Trenes Argentinos) a menos valor\u201d<\/b>.<\/p>\n<div class=\"slot-available\"><\/div>\n<p>&nbsp;<\/p>\n<p>Desde La Fraternidad \u201cno estamos a favor de la privatizaci\u00f3n, aunque s\u00ed de que el capital privado venga y pongan plata.\u00a0<b>Si hay que concesionar que se concesione.<\/b>\u00a0No le tenemos miedo al capital privado, pero que pongan plata en infraestructura para que los trenes funcionen como debe funcionar y con los empleados que deba tener\u201d, concluy\u00f3.<\/p>\n<p>&nbsp;<\/p>\n","protected":false},"excerpt":{"rendered":"<p>Dirigentes sindicales ferroviarios\u00a0responsabilizaron\u00a0al gobierno nacional por el\u00a0choque de trenes\u00a0de esta ma\u00f1ana en el\u00a0ferrocarril San Mart\u00edn. Aseguraron que ya hab\u00edan denunciado los problemas t\u00e9cnicos en la l\u00ednea, pero que la empresa Trenes Argentinos\u00a0no hizo las reparaciones\u00a0con el argumento de que no hab\u00eda plata\u00a0para los repuestos. El secretario de Transporte, Franco Mogetta, lament\u00f3 lo sucedido y asegur\u00f3 [&hellip;]<\/p>\n","protected":false},"author":2,"featured_media":23989,"comment_status":"open","ping_status":"open","sticky":false,"template":"","format":"standard","meta":{"footnotes":""},"categories":[64],"tags":[],"class_list":["post-23988","post","type-post","status-publish","format-standard","has-post-thumbnail","hentry","category-nacionales"],"_links":{"self":[{"href":"https:\/\/radiosurfm.com\/web\/wp-json\/wp\/v2\/posts\/23988","targetHints":{"allow":["GET"]}}],"collection":[{"href":"https:\/\/radiosurfm.com\/web\/wp-json\/wp\/v2\/posts"}],"about":[{"href":"https:\/\/radiosurfm.com\/web\/wp-json\/wp\/v2\/types\/post"}],"author":[{"embeddable":true,"href":"https:\/\/radiosurfm.com\/web\/wp-json\/wp\/v2\/users\/2"}],"replies":[{"embeddable":true,"href":"https:\/\/radiosurfm.com\/web\/wp-json\/wp\/v2\/comments?post=23988"}],"version-history":[{"count":0,"href":"https:\/\/radiosurfm.com\/web\/wp-json\/wp\/v2\/posts\/23988\/revisions"}],"wp:featuredmedia":[{"embeddable":true,"href":"https:\/\/radiosurfm.com\/web\/wp-json\/wp\/v2\/media\/23989"}],"wp:attachment":[{"href":"https:\/\/radiosurfm.com\/web\/wp-json\/wp\/v2\/media?parent=23988"}],"wp:term":[{"taxonomy":"category","embeddable":true,"href":"https:\/\/radiosurfm.com\/web\/wp-json\/wp\/v2\/categories?post=23988"},{"taxonomy":"post_tag","embeddable":true,"href":"https:\/\/radiosurfm.com\/web\/wp-json\/wp\/v2\/tags?post=23988"}],"curies":[{"name":"wp","href":"https:\/\/api.w.org\/{rel}","templated":true}]}}