{"id":23994,"date":"2024-05-11T17:24:59","date_gmt":"2024-05-11T20:24:59","guid":{"rendered":"https:\/\/radiosurfm.com\/web\/?p=23994"},"modified":"2024-05-11T17:24:59","modified_gmt":"2024-05-11T20:24:59","slug":"fundacion-oncoinfanto-juvenil-bienvenida-a-mia-olivera","status":"publish","type":"post","link":"https:\/\/radiosurfm.com\/web\/2024\/05\/11\/fundacion-oncoinfanto-juvenil-bienvenida-a-mia-olivera\/","title":{"rendered":"Fundaci\u00f3n Oncoinfanto Juvenil: bienvenida a Mia Olivera"},"content":{"rendered":"<p>Los integrantes de la fundaci\u00f3n Oncoinfanto Juvenil de Goya, que conduce Carina Zoilo y familiares celebraron la noticia, \u201ces todo un mensaje que el c\u00e1ncer detectado a tiempo ayudar a curarse\u201d, se\u00f1al\u00f3 la presidente de la fundaci\u00f3n.<\/p>\n<p>La aeronave de la gobernaci\u00f3n de Corrientes, aterriz\u00f3 en el aeropuerto \u201cDiego Nicol\u00e1s D\u00edaz Colodrero\u201d, en la siesta de este viernes, Mia y su mam\u00e1 fueron recibidas en medio de un clima de euforia y de mucha emoci\u00f3n.<\/p>\n<p>La menor de 3 a\u00f1os, deber\u00e1 continuar con controles semanales en el Hospital Pedi\u00e1trico Juan Pablo II de Corrientes y una vez por mes deber\u00e1 viajar a Buenos Aires para hacer continaur con el tratamiento en el Hospital Garraham.<\/p>\n<p>Hoy despu\u00e9s de tanto tiempo volver\u00e1 a su casa a reencontrarse con sus hermanitas y tendr\u00e1 sus controles semanales en el hospital Juan Pablo II y Garraham cada mes. \u201cHoy celebramos esta noticia y damos gracias a los todos los que colaboraron con esta familia de Goya y Lavalle\u201d, resalt\u00f3 Carina Zoilo, presidente de la fundaci\u00f3n Onfoinfanto Juvenil de Goya.<\/p>\n","protected":false},"excerpt":{"rendered":"<p>Los integrantes de la fundaci\u00f3n Oncoinfanto Juvenil de Goya, que conduce Carina Zoilo y familiares celebraron la noticia, \u201ces todo un mensaje que el c\u00e1ncer detectado a tiempo ayudar a curarse\u201d, se\u00f1al\u00f3 la presidente de la fundaci\u00f3n. La aeronave de la gobernaci\u00f3n de Corrientes, aterriz\u00f3 en el aeropuerto \u201cDiego Nicol\u00e1s D\u00edaz Colodrero\u201d, en la siesta [&hellip;]<\/p>\n","protected":false},"author":2,"featured_media":23995,"comment_status":"open","ping_status":"open","sticky":false,"template":"","format":"standard","meta":{"footnotes":""},"categories":[56],"tags":[],"class_list":["post-23994","post","type-post","status-publish","format-standard","has-post-thumbnail","hentry","category-locales"],"_links":{"self":[{"href":"https:\/\/radiosurfm.com\/web\/wp-json\/wp\/v2\/posts\/23994","targetHints":{"allow":["GET"]}}],"collection":[{"href":"https:\/\/radiosurfm.com\/web\/wp-json\/wp\/v2\/posts"}],"about":[{"href":"https:\/\/radiosurfm.com\/web\/wp-json\/wp\/v2\/types\/post"}],"author":[{"embeddable":true,"href":"https:\/\/radiosurfm.com\/web\/wp-json\/wp\/v2\/users\/2"}],"replies":[{"embeddable":true,"href":"https:\/\/radiosurfm.com\/web\/wp-json\/wp\/v2\/comments?post=23994"}],"version-history":[{"count":0,"href":"https:\/\/radiosurfm.com\/web\/wp-json\/wp\/v2\/posts\/23994\/revisions"}],"wp:featuredmedia":[{"embeddable":true,"href":"https:\/\/radiosurfm.com\/web\/wp-json\/wp\/v2\/media\/23995"}],"wp:attachment":[{"href":"https:\/\/radiosurfm.com\/web\/wp-json\/wp\/v2\/media?parent=23994"}],"wp:term":[{"taxonomy":"category","embeddable":true,"href":"https:\/\/radiosurfm.com\/web\/wp-json\/wp\/v2\/categories?post=23994"},{"taxonomy":"post_tag","embeddable":true,"href":"https:\/\/radiosurfm.com\/web\/wp-json\/wp\/v2\/tags?post=23994"}],"curies":[{"name":"wp","href":"https:\/\/api.w.org\/{rel}","templated":true}]}}