{"id":24457,"date":"2024-05-31T12:51:58","date_gmt":"2024-05-31T15:51:58","guid":{"rendered":"https:\/\/radiosurfm.com\/web\/?p=24457"},"modified":"2024-05-31T12:51:58","modified_gmt":"2024-05-31T15:51:58","slug":"el-goyano-kevin-zenon-fue-convocado-para-la-preparacion-de-los-juegos-olimpicos","status":"publish","type":"post","link":"https:\/\/radiosurfm.com\/web\/2024\/05\/31\/el-goyano-kevin-zenon-fue-convocado-para-la-preparacion-de-los-juegos-olimpicos\/","title":{"rendered":"El goyano Kevin Zen\u00f3n fue convocado para la preparaci\u00f3n de los Juegos Ol\u00edmpicos"},"content":{"rendered":"<p>Kevin Zen\u00f3n, el mediocampista ofensivo correntino que juega en Boca, fue convocado por Javier Mascherano para los entrenamientos de la Selecci\u00f3n Argentina Sub-23 que se llevar\u00e1n a cabo desde la pr\u00f3xima semana en el predio de Ezeiza con vista a la puesta a punto para los Juegos Ol\u00edmpicos de Par\u00eds 2024.<\/p>\n<p>As\u00ed, el jugador, oriundo de Goya, se meti\u00f3 en carrera para integrar la lista definitiva junto a sus compa\u00f1eros de equipo Ezequiel Fern\u00e1ndez, Cristian Medina y Leandro Brey, que cuentan con ventaja para integrar la lista definitiva por haber participado con la selecci\u00f3n albiceleste del Preol\u00edmpico de Venezuela.<\/p>\n<p>El zurdo ex-Uni\u00f3n, que ya hab\u00eda sido parte del ciclo de Mascherano, participar\u00e1 del per\u00edodo de pr\u00e1cticas con la Albiceleste que tambi\u00e9n disputar\u00e1 una serie de amistosos con su par de Paraguay. M\u00e1s all\u00e1 de eso, no es seguro a\u00fan que vaya a los Juegos, pero s\u00ed es evidente que por su buen nivel en el azul y oro volvi\u00f3 a estar en la \u00f3rbita del seleccionado.<\/p>\n<p>Zen\u00f3n deber\u00e1 pelear por un lugar en la lista definitiva de 18 integrantes con Claudio Echeverri, de River, que tiene la ventaja de haber sido parte del equipo que se clasic\u00f3 en el Preol\u00edmpico de Venezuela en febrero.<\/p>\n","protected":false},"excerpt":{"rendered":"<p>Kevin Zen\u00f3n, el mediocampista ofensivo correntino que juega en Boca, fue convocado por Javier Mascherano para los entrenamientos de la Selecci\u00f3n Argentina Sub-23 que se llevar\u00e1n a cabo desde la pr\u00f3xima semana en el predio de Ezeiza con vista a la puesta a punto para los Juegos Ol\u00edmpicos de Par\u00eds 2024. As\u00ed, el jugador, oriundo [&hellip;]<\/p>\n","protected":false},"author":2,"featured_media":22773,"comment_status":"open","ping_status":"open","sticky":false,"template":"","format":"standard","meta":{"footnotes":""},"categories":[83,56],"tags":[],"class_list":["post-24457","post","type-post","status-publish","format-standard","has-post-thumbnail","hentry","category-deporte","category-locales"],"_links":{"self":[{"href":"https:\/\/radiosurfm.com\/web\/wp-json\/wp\/v2\/posts\/24457","targetHints":{"allow":["GET"]}}],"collection":[{"href":"https:\/\/radiosurfm.com\/web\/wp-json\/wp\/v2\/posts"}],"about":[{"href":"https:\/\/radiosurfm.com\/web\/wp-json\/wp\/v2\/types\/post"}],"author":[{"embeddable":true,"href":"https:\/\/radiosurfm.com\/web\/wp-json\/wp\/v2\/users\/2"}],"replies":[{"embeddable":true,"href":"https:\/\/radiosurfm.com\/web\/wp-json\/wp\/v2\/comments?post=24457"}],"version-history":[{"count":0,"href":"https:\/\/radiosurfm.com\/web\/wp-json\/wp\/v2\/posts\/24457\/revisions"}],"wp:featuredmedia":[{"embeddable":true,"href":"https:\/\/radiosurfm.com\/web\/wp-json\/wp\/v2\/media\/22773"}],"wp:attachment":[{"href":"https:\/\/radiosurfm.com\/web\/wp-json\/wp\/v2\/media?parent=24457"}],"wp:term":[{"taxonomy":"category","embeddable":true,"href":"https:\/\/radiosurfm.com\/web\/wp-json\/wp\/v2\/categories?post=24457"},{"taxonomy":"post_tag","embeddable":true,"href":"https:\/\/radiosurfm.com\/web\/wp-json\/wp\/v2\/tags?post=24457"}],"curies":[{"name":"wp","href":"https:\/\/api.w.org\/{rel}","templated":true}]}}