{"id":24525,"date":"2024-06-03T12:16:06","date_gmt":"2024-06-03T15:16:06","guid":{"rendered":"https:\/\/radiosurfm.com\/web\/?p=24525"},"modified":"2024-06-03T12:16:06","modified_gmt":"2024-06-03T15:16:06","slug":"monte-caseros-adolescente-imputado-por-abuso-y-femicidio-de-una-menor","status":"publish","type":"post","link":"https:\/\/radiosurfm.com\/web\/2024\/06\/03\/monte-caseros-adolescente-imputado-por-abuso-y-femicidio-de-una-menor\/","title":{"rendered":"MONTE CASEROS: ADOLESCENTE IMPUTADO POR ABUSO Y FEMICIDIO DE UNA MENOR"},"content":{"rendered":"<p><em><strong>En un tr\u00e1gico suceso que ha conmocionado a la localidad de Monte Caseros, la fiscal\u00eda ha formulado cargos contra uno de los tres hermanos acusados por el abuso y femicidio de la ni\u00f1a Milagros Esp\u00edndola, de 13 a\u00f1os. La fiscal, la doctora Bel\u00e9n Arr\u00faa, ha cumplido con los plazos establecidos por el C\u00f3digo Procesal Penal de la provincia para menores de 18 a\u00f1os al llevar a cabo la imputaci\u00f3n formal.<\/strong><\/em><\/p>\n<p>El acusado, un adolescente de 17 a\u00f1os identificado como Nicol\u00e1s Esp\u00edndola, ser\u00e1 juzgado y condenado junto a sus dos hermanos mayores debido a la gravedad del delito que se les endilga. Aunque el menor cumplir\u00e1 la mayor\u00eda de edad durante el proceso, la fiscal decidi\u00f3 formular los cargos en su contra antes que a sus hermanos mayores, considerando su condici\u00f3n particular.<\/p>\n<p>La fiscal Arr\u00faa tambi\u00e9n ha revelado los nombres de los acusados en una entrevista con medios locales. Los hermanos mayores responden a los nombres de Jorge y Cristian Esp\u00edndola, y tanto ellos como el adolescente son originarios de la provincia de Buenos Aires. En el barrio La Florida, donde ocurri\u00f3 el femicidio, son conocidos como &#8220;Los Porte\u00f1os&#8221;.<\/p>\n<p>Seg\u00fan testimonios de los vecinos, los hermanos Esp\u00edndola llegaron recientemente a Monte Caseros, siendo el adolescente el \u00faltimo en llegar el a\u00f1o pasado. Todos se alojaban en la casa de su hermana, a quien los lugare\u00f1os incendiaron la vivienda despu\u00e9s de que ocurriera el crimen. Se cree que la casa fue el escenario del ataque sexual que condujo al asesinato de la menor y al posterior descarte de su cuerpo en un arroyo cercano.<\/p>\n<p>El crimen ha generado un gran enardecimiento entre los familiares y amigos de la v\u00edctima, quienes han expresado su deseo de hacer justicia por mano propia. Ante esta situaci\u00f3n, la Polic\u00eda de Corrientes ha desplegado sus fuerzas de seguridad para llevar a cabo los peritajes correspondientes en busca de evidencias que permitan determinar las responsabilidades en el hecho. Lamentablemente, debido al furor de los vecinos, la escena primaria del crimen fue incendiada, perdi\u00e9ndose elementos de prueba importantes para sostener la acusaci\u00f3n contra &#8220;Los Porte\u00f1os&#8221;.<\/p>\n<p>A pesar de esto, la Fiscal\u00eda asegura contar con evidencia incriminatoria para ordenar la prisi\u00f3n preventiva de los acusados. Una de las pruebas m\u00e1s importantes es la declaraci\u00f3n en c\u00e1mara Gesell de uno de los hijos de la hermana de los presuntos victimarios, quien ubic\u00f3 a la v\u00edctima con sus t\u00edos en los momentos previos a la secuencia criminal. Esta secuencia comenz\u00f3 con un abuso sexual gravemente ultrajante, seguido de un homicidio agravado por el uso de arma blanca y la participaci\u00f3n de dos o m\u00e1s personas, y finalmente el abandono del cuerpo con el intento de lograr impunidad.<\/p>\n<p>Con base en estos hechos, la fiscal\u00eda ha imputado al menor y dispuesto su prisi\u00f3n preventiva. El Juzgado de Garant\u00edas, en los pr\u00f3ximos d\u00edas, tomar\u00e1 la misma decisi\u00f3n con respecto a los otros dos hermanos sindicados como perpetradores del hecho. Este tr\u00e1gico suceso ha dejado una profunda huella en la comunidad de Monte Caseros, y se espera que el proceso judicial brinde justicia para la v\u00edctima y su familia.<\/p>\n","protected":false},"excerpt":{"rendered":"<p>En un tr\u00e1gico suceso que ha conmocionado a la localidad de Monte Caseros, la fiscal\u00eda ha formulado cargos contra uno de los tres hermanos acusados por el abuso y femicidio de la ni\u00f1a Milagros Esp\u00edndola, de 13 a\u00f1os. La fiscal, la doctora Bel\u00e9n Arr\u00faa, ha cumplido con los plazos establecidos por el C\u00f3digo Procesal Penal [&hellip;]<\/p>\n","protected":false},"author":2,"featured_media":24526,"comment_status":"open","ping_status":"open","sticky":false,"template":"","format":"standard","meta":{"footnotes":""},"categories":[68,72],"tags":[],"class_list":["post-24525","post","type-post","status-publish","format-standard","has-post-thumbnail","hentry","category-policiales-nacionales","category-provinciales"],"_links":{"self":[{"href":"https:\/\/radiosurfm.com\/web\/wp-json\/wp\/v2\/posts\/24525","targetHints":{"allow":["GET"]}}],"collection":[{"href":"https:\/\/radiosurfm.com\/web\/wp-json\/wp\/v2\/posts"}],"about":[{"href":"https:\/\/radiosurfm.com\/web\/wp-json\/wp\/v2\/types\/post"}],"author":[{"embeddable":true,"href":"https:\/\/radiosurfm.com\/web\/wp-json\/wp\/v2\/users\/2"}],"replies":[{"embeddable":true,"href":"https:\/\/radiosurfm.com\/web\/wp-json\/wp\/v2\/comments?post=24525"}],"version-history":[{"count":0,"href":"https:\/\/radiosurfm.com\/web\/wp-json\/wp\/v2\/posts\/24525\/revisions"}],"wp:featuredmedia":[{"embeddable":true,"href":"https:\/\/radiosurfm.com\/web\/wp-json\/wp\/v2\/media\/24526"}],"wp:attachment":[{"href":"https:\/\/radiosurfm.com\/web\/wp-json\/wp\/v2\/media?parent=24525"}],"wp:term":[{"taxonomy":"category","embeddable":true,"href":"https:\/\/radiosurfm.com\/web\/wp-json\/wp\/v2\/categories?post=24525"},{"taxonomy":"post_tag","embeddable":true,"href":"https:\/\/radiosurfm.com\/web\/wp-json\/wp\/v2\/tags?post=24525"}],"curies":[{"name":"wp","href":"https:\/\/api.w.org\/{rel}","templated":true}]}}