{"id":24628,"date":"2024-06-07T14:38:59","date_gmt":"2024-06-07T17:38:59","guid":{"rendered":"https:\/\/radiosurfm.com\/web\/?p=24628"},"modified":"2024-06-07T14:38:59","modified_gmt":"2024-06-07T17:38:59","slug":"me-saco-el-corpino-los-duros-testimonios-contra-un-ex-coreografo-correntino","status":"publish","type":"post","link":"https:\/\/radiosurfm.com\/web\/2024\/06\/07\/me-saco-el-corpino-los-duros-testimonios-contra-un-ex-coreografo-correntino\/","title":{"rendered":"\u201cMe sac\u00f3 el corpi\u00f1o\u201d: los duros testimonios contra un ex core\u00f3grafo correntino"},"content":{"rendered":"<p>Se trata de Arnaldo \u201cAldo\u201d Breard, procesado por cuatro casos de abuso sexual simple y uno gravemente ultrajante. Aunque inicialmente fueron catorce las mujeres que lo denunciaron, solo cinco fueron tenidos en cuenta, ya que la mayor\u00eda de los hechos prescribieron, pero eso no quiere decir que no hayan existido.<\/p>\n<p>LOS TESTIMONIOS<\/p>\n<p>Seg\u00fan la versi\u00f3n de las denunciantes, todo ocurri\u00f3 entre el 2006 y el 2018, en su gimnasio, ubicado en el coraz\u00f3n de Corrientes, donde Breard trabaj\u00f3 durante 30 a\u00f1os. El modus operandi era perverso: las chicas contaron que las citaba bajo el pretexto de tomarles medidas corporales y peso, para luego abusar de ellas.Algunas de las que fueron clientas del acusado se animaron a contar sus experiencias traum\u00e1ticas en las redes sociales, detallando encuentros con Breard donde fueron objeto de abuso sexual, incluso cuando eran menores de edad.<\/p>\n<p>Una de las chicas, que ten\u00eda 14 a\u00f1os en ese momento, relat\u00f3: \u201cFui a una entrevista con \u00e9l, pero no me dej\u00f3 ingresar con mi amiga. Me hizo sacar el corpi\u00f1o para ver qu\u00e9 cantidad de grasa ten\u00eda y me manose\u00f3 los pechos\u201d.<\/p>\n<p>\u201cMe toc\u00f3 dici\u00e9ndome que cuando pierda varios kilos se me iban a caer los senos, as\u00ed que despu\u00e9s ten\u00eda que colocarme pr\u00f3tesis. Despu\u00e9s baj\u00f3 su mano hasta mi vagina y me dijo que ah\u00ed tambi\u00e9n se acumulaba grasa. Qued\u00e9 helada, sin palabras y no volv\u00ed nunca m\u00e1s\u201d, cont\u00f3 otra.<\/p>\n<p>Una de las j\u00f3venes denunciantes, seg\u00fan consta en la causa, puntualiz\u00f3 que el hecho habr\u00eda consistido en \u201cactos a\u00fan m\u00e1s invasivos hacia la reserva sexual de la misma\u201d y en consecuencia la calificaci\u00f3n legal result\u00f3 m\u00e1s grave.<\/p>\n<p>Incluso, explic\u00f3 una de las chicas, \u201chay much\u00edsimas que padecieron sus abusos cuando a\u00fan eran solo menores y adolescentes, pero por temor a la exposici\u00f3n p\u00fablica no lo denunciaron\u201d.<\/p>\n<p>Tras las denuncias, Breard fue procesado en mayo del 2022. Estuvo preso algunos meses, pero la C\u00e1mara de Apelaciones revoc\u00f3 la prisi\u00f3n preventiva que le hab\u00eda dictado la jueza Josefina Gonz\u00e1lez Caba\u00f1as. Desde entonces, permanece en libertad, con la pol\u00e9mica condici\u00f3n de que\u00a0<b>no puede tener como clientes de su gimnasio a menores de edad.<\/b><\/p>\n<p>La jueza elev\u00f3 la causa a juicio la semana pasada, que ser\u00e1 llevada a cabo por el Tribunal Oral en lo criminal N\u00b01 de Corrientes. La defensa del imputado podr\u00eda oponerse a esta decisi\u00f3n judicial y, en ese caso, podr\u00eda definirse en la C\u00e1mara. Tambi\u00e9n resta definir la fecha del comienzo del debate, por la que Breard, de ser encontrado culpable,<b>\u00a0podr\u00eda recibir m\u00e1s de 20 a\u00f1os de prisi\u00f3n.<\/b><\/p>\n","protected":false},"excerpt":{"rendered":"<p>Se trata de Arnaldo \u201cAldo\u201d Breard, procesado por cuatro casos de abuso sexual simple y uno gravemente ultrajante. Aunque inicialmente fueron catorce las mujeres que lo denunciaron, solo cinco fueron tenidos en cuenta, ya que la mayor\u00eda de los hechos prescribieron, pero eso no quiere decir que no hayan existido. LOS TESTIMONIOS Seg\u00fan la versi\u00f3n [&hellip;]<\/p>\n","protected":false},"author":2,"featured_media":24629,"comment_status":"open","ping_status":"open","sticky":false,"template":"","format":"standard","meta":{"footnotes":""},"categories":[68,72],"tags":[],"class_list":["post-24628","post","type-post","status-publish","format-standard","has-post-thumbnail","hentry","category-policiales-nacionales","category-provinciales"],"_links":{"self":[{"href":"https:\/\/radiosurfm.com\/web\/wp-json\/wp\/v2\/posts\/24628","targetHints":{"allow":["GET"]}}],"collection":[{"href":"https:\/\/radiosurfm.com\/web\/wp-json\/wp\/v2\/posts"}],"about":[{"href":"https:\/\/radiosurfm.com\/web\/wp-json\/wp\/v2\/types\/post"}],"author":[{"embeddable":true,"href":"https:\/\/radiosurfm.com\/web\/wp-json\/wp\/v2\/users\/2"}],"replies":[{"embeddable":true,"href":"https:\/\/radiosurfm.com\/web\/wp-json\/wp\/v2\/comments?post=24628"}],"version-history":[{"count":0,"href":"https:\/\/radiosurfm.com\/web\/wp-json\/wp\/v2\/posts\/24628\/revisions"}],"wp:featuredmedia":[{"embeddable":true,"href":"https:\/\/radiosurfm.com\/web\/wp-json\/wp\/v2\/media\/24629"}],"wp:attachment":[{"href":"https:\/\/radiosurfm.com\/web\/wp-json\/wp\/v2\/media?parent=24628"}],"wp:term":[{"taxonomy":"category","embeddable":true,"href":"https:\/\/radiosurfm.com\/web\/wp-json\/wp\/v2\/categories?post=24628"},{"taxonomy":"post_tag","embeddable":true,"href":"https:\/\/radiosurfm.com\/web\/wp-json\/wp\/v2\/tags?post=24628"}],"curies":[{"name":"wp","href":"https:\/\/api.w.org\/{rel}","templated":true}]}}