{"id":24668,"date":"2024-06-08T18:23:39","date_gmt":"2024-06-08T21:23:39","guid":{"rendered":"https:\/\/radiosurfm.com\/web\/?p=24668"},"modified":"2024-06-08T18:23:39","modified_gmt":"2024-06-08T21:23:39","slug":"nuevo-paro-de-48-horas-en-defensa-de-la-universidad-publica","status":"publish","type":"post","link":"https:\/\/radiosurfm.com\/web\/2024\/06\/08\/nuevo-paro-de-48-horas-en-defensa-de-la-universidad-publica\/","title":{"rendered":"Nuevo paro de 48 horas en defensa de la universidad p\u00fablica"},"content":{"rendered":"<p>La Federaci\u00f3n de Docentes de las Universidades (FEDUN) confirm\u00f3 el paro de 48 horas para el pr\u00f3ximo martes y mi\u00e9rcoles &#8220;debido a la falta de respuesta por parte del Gobierno nacional&#8221;. Los gremios adem\u00e1s anunciaron que participar\u00e1n el mi\u00e9rcoles de la marcha frente al Congreso en contra de la ley Bases que convocan gremios, organismos de derechos humanos y movimientos sociales.<\/p>\n<p>La ratificaci\u00f3n de la medida de fuerza se adopt\u00f3 en el marco de una asamblea de secretarios generales con la participaci\u00f3n de gremios de base para analizar la continuidad del plan de lucha contra el ajuste del financiamiento.\u00a0Luego del plenario, el secretario general de la FEDUN, Daniel Ricci, lament\u00f3 que &#8220;desde la multitudinaria marcha en la que todos nos expresamos en defensa de la Universidad P\u00fablica ya pas\u00f3 m\u00e1s de un mes y a\u00fan no tuvimos ninguna respuesta del gobierno&#8221;.<\/p>\n<p>&#8220;En el \u00faltimo tiempo nuestros salarios siguen deterior\u00e1ndose mes a mes, ya llevamos perdido m\u00e1s de un 60 por ciento de poder adquisitivo frente a la inflaci\u00f3n y no vamos a seguir tolerando este deterioro y falta de respeto&#8221;, indic\u00f3 el dirigente gremial.\u00a0&#8220;Es por eso que convocamos a este paro de 48 horas y, en caso de no tener respuesta, profundizaremos el plan de lucha y convocaremos a nuevas medidas de fuerza&#8221;, advirti\u00f3 Ricci.<\/p>\n","protected":false},"excerpt":{"rendered":"<p>La Federaci\u00f3n de Docentes de las Universidades (FEDUN) confirm\u00f3 el paro de 48 horas para el pr\u00f3ximo martes y mi\u00e9rcoles &#8220;debido a la falta de respuesta por parte del Gobierno nacional&#8221;. Los gremios adem\u00e1s anunciaron que participar\u00e1n el mi\u00e9rcoles de la marcha frente al Congreso en contra de la ley Bases que convocan gremios, organismos [&hellip;]<\/p>\n","protected":false},"author":2,"featured_media":24548,"comment_status":"open","ping_status":"open","sticky":false,"template":"","format":"standard","meta":{"footnotes":""},"categories":[64],"tags":[],"class_list":["post-24668","post","type-post","status-publish","format-standard","has-post-thumbnail","hentry","category-nacionales"],"_links":{"self":[{"href":"https:\/\/radiosurfm.com\/web\/wp-json\/wp\/v2\/posts\/24668","targetHints":{"allow":["GET"]}}],"collection":[{"href":"https:\/\/radiosurfm.com\/web\/wp-json\/wp\/v2\/posts"}],"about":[{"href":"https:\/\/radiosurfm.com\/web\/wp-json\/wp\/v2\/types\/post"}],"author":[{"embeddable":true,"href":"https:\/\/radiosurfm.com\/web\/wp-json\/wp\/v2\/users\/2"}],"replies":[{"embeddable":true,"href":"https:\/\/radiosurfm.com\/web\/wp-json\/wp\/v2\/comments?post=24668"}],"version-history":[{"count":0,"href":"https:\/\/radiosurfm.com\/web\/wp-json\/wp\/v2\/posts\/24668\/revisions"}],"wp:featuredmedia":[{"embeddable":true,"href":"https:\/\/radiosurfm.com\/web\/wp-json\/wp\/v2\/media\/24548"}],"wp:attachment":[{"href":"https:\/\/radiosurfm.com\/web\/wp-json\/wp\/v2\/media?parent=24668"}],"wp:term":[{"taxonomy":"category","embeddable":true,"href":"https:\/\/radiosurfm.com\/web\/wp-json\/wp\/v2\/categories?post=24668"},{"taxonomy":"post_tag","embeddable":true,"href":"https:\/\/radiosurfm.com\/web\/wp-json\/wp\/v2\/tags?post=24668"}],"curies":[{"name":"wp","href":"https:\/\/api.w.org\/{rel}","templated":true}]}}