{"id":24676,"date":"2024-06-08T18:42:52","date_gmt":"2024-06-08T21:42:52","guid":{"rendered":"https:\/\/radiosurfm.com\/web\/?p=24676"},"modified":"2024-06-08T18:42:52","modified_gmt":"2024-06-08T21:42:52","slug":"repetir-un-ano-es-el-primer-escalon-hacia-el-abandono","status":"publish","type":"post","link":"https:\/\/radiosurfm.com\/web\/2024\/06\/08\/repetir-un-ano-es-el-primer-escalon-hacia-el-abandono\/","title":{"rendered":"&#8220;Repetir un a\u00f1o es el primer escal\u00f3n hacia el abandono&#8221;"},"content":{"rendered":"<p>&#8220;Desde hace d\u00e9cadas est\u00e1 m\u00e1s que\u00a0<b>cuestionado\u00a0<\/b>el sentido pedag\u00f3gico de la repitencia y las estad\u00edsticas muestran que\u00a0<b>repetir un a\u00f1o es el primer escal\u00f3n hacia el abandono<\/b>&#8220;, sostuvieron en di\u00e1logo con<b>\u00a0P\u00e1gina 12\u00a0<\/b>especialistas en educaci\u00f3n, tras el anuncio del\u00a0<b>gobierno bonaerense<\/b>\u00a0sobre la\u00a0reforma que implementar\u00e1 en el r\u00e9gimen de acreditaci\u00f3n\u00a0en las escuelas secundarias a partir de 2025. Destacan la eliminaci\u00f3n del &#8220;<b>requisito absurdo<\/b>&#8221; de recursar materias ya aprobadas que, aseguran, funciona al d\u00eda de hoy como una &#8220;amenaza&#8221; a modo de &#8220;<b>sanci\u00f3n punitiva<\/b>&#8220;.<\/p>\n<p>Vicedecana de la Facultad de Filosof\u00eda y Letras (FFyL) de la UBA, la doctora en Educaci\u00f3n\u00a0<b>Graciela Morgade<\/b>\u00a0considera que la reforma anunciada este jueves constituye una &#8220;<b>enorme innovaci\u00f3n<\/b>&#8221; que &#8220;trasciende y mucho a la cuesti\u00f3n de repetir o no repetir el a\u00f1o completo&#8221;. &#8220;Es important\u00edsimo eliminar el requisito absurdo de volver a cursar materias ya aprobadas cuando se desaprob\u00f3 s\u00f3lo algunas, pero creo que se est\u00e1 proponiendo, por fin, un\u00a0<b>r\u00e9gimen similar al de la educaci\u00f3n superior<\/b>, en que se cursa por materia&#8221;, sostiene.<\/p>\n<p>En efecto, ese es uno de los argumentos que sostiene a las modificaciones en la acreditaci\u00f3n anunciadas por la\u00a0<b>Direcci\u00f3n General de Cultura y Educaci\u00f3n\u00a0<\/b>provincial, a cargo de\u00a0<b>Alberto Sileoni<\/b>: ir hacia un sistema en el que s\u00f3lo se\u00a0<b>recursen o &#8220;intensifiquen&#8221; las materias desaprobadas<\/b>, tal como ocurre en los niveles superiores. La reforma prev\u00e9 que\u00a0<b>ya no se repitan los conocidos como &#8220;a\u00f1os &#8211; curso<\/b>&#8220;, sino las materias espec\u00edficas que el alumno no logre acreditar. Si el estudiante tiene hasta cuatro asignaturas &#8220;pendientes&#8221;, las rendir\u00e1 en per\u00edodos de &#8220;intensificaci\u00f3n&#8221; distribuidos en paralelo a la cursada; si supera las cuatro, las restantes deber\u00e1 recursarlas de forma independiente.<\/p>\n<p><b>B\u00e1rbara Briscioli y\u00a0Ariel Zysman<\/b>, ambos investigadores de la FFyL destacan en este sentido que la reforma no implica solamente una modificaci\u00f3n en el sistema de repitencia sino, en paralelo, la implementaci\u00f3n de &#8220;<b>opciones institucionales<\/b>&#8221; para los estudiantes a la hora de volver a trabajar los contenidos que no pudieron acreditar.\u00a0 &#8220;Aprobar una materia, aprobar un a\u00f1o, ser\u00e1 entonces\u00a0<b>producto del trabajo de ense\u00f1ar y aprender<\/b>, mas no de la<b>\u00a0sanci\u00f3n punitiva<\/b>\u00a0de repetir en bloque incluso aquello que s\u00ed se aprendi\u00f3 y ya fue acreditado&#8221;, se\u00f1ala Briscioli, tambi\u00e9n doctora en Educaci\u00f3n y docente de la facultad.<\/p>\n<div class=\"slot-available\"><\/div>\n<p>Los especialistas se refieren a los nuevos dispositivos previstos en la reforma con el objetivo de acompa\u00f1ar las trayectorias en el marco de los procesos de &#8220;intensificaci\u00f3n&#8221;. Un ejemplo es la creaci\u00f3n del denominado\u00a0<b>Equipo de Definici\u00f3n de las Trayectorias Educativas (EDTE<\/b>), que trabajar\u00e1 en los colegios o la ampliaci\u00f3n de los m\u00f3dulos del Programa Especial para el\u00a0<b>Fortalecimiento de las Trayectorias Educativas<\/b>\u00a0(Forte), que se cre\u00f3 precisamente para acompa\u00f1ar a aquellos estudiantes que a\u00fan no hab\u00edan acreditado sus materias. Tambi\u00e9n se anunci\u00f3 la implementaci\u00f3n de un\u00a0<b>tramo de inicio acompa\u00f1ado<\/b>\u00a0en el primer a\u00f1o de la secundaria para trabajar la adaptaci\u00f3n del pasaje desde la primaria.<\/p>\n<p>&#8220;La vieja y remanida repitencia ha demostrado\u00a0<b>no funcionar como soluci\u00f3n a un problema estructural<\/b>\u00a0de este nivel educativo. Desde hace varias d\u00e9cadas est\u00e1 m\u00e1s que cuestionado su sentido pedag\u00f3gico, y m\u00e1s a\u00fan, las estad\u00edsticas muestran que repetir un a\u00f1o acad\u00e9mico es el primer escal\u00f3n hacia el abandono de la escuela&#8221;, agrega Zysman, que considera al cambio en el r\u00e9gimen acad\u00e9mico como &#8220;una buena noticia&#8221; para &#8220;<b>garantizar la escolarizaci\u00f3n secundaria<\/b>&#8220;.<\/p>\n<div class=\"slot-available\"><\/div>\n<p>El investigador y docente, exdirector nacional de inclusi\u00f3n educativa y exdirector provincial de educaci\u00f3n secundaria, subraya, adem\u00e1s, que el nuevo r\u00e9gimen se orienta m\u00e1s hacia una pregunta sobre la promoci\u00f3n y acreditaci\u00f3n &#8220;enfocada en\u00a0<b>c\u00f3mo lograr los aprendizajes<\/b>\u00a0en los tiempos escolares previstos y, cuando no sea posible, en buscar\u00a0<b>propuestas de ense\u00f1anza alternativas<\/b>\u00a0y de seguimiento y evaluaci\u00f3n para lograrlo&#8221;.<\/p>\n<p>Para Morgade, en tanto, la reacci\u00f3n que gener\u00f3 el anuncio provincial en algunos sectores tiene que ver con concepciones que entienden que &#8220;la rigidez del horario, del &#8216;a\u00f1o-curso&#8217;, o de la\u00a0<b>posibilidad de &#8216;repetir&#8217; como amenaza no debe modificarse<\/b>&#8220;. &#8220;Son las reglas que han venido organizando a la escuela secundaria y hoy, seg\u00fan la Unesco,\u00a0<b>Argentina es el pa\u00eds de la regi\u00f3n de mayor porcentaje de estudiantes secundarios que repiten de a\u00f1o<\/b>. No estar\u00eda resultando, \u00bfno?&#8221;, se pregunta la vicedecana de Filosof\u00eda y Letras.<\/p>\n<div class=\"slot-available\"><\/div>\n<p>Los especialistas recuerdan, adem\u00e1s, que la Provincia\u00a0<b>no es la primera jurisdicci\u00f3n en introducir cambios de este tipo<\/b>, ya que otros lugares del pa\u00eds tambi\u00e9n fueron modificando el r\u00e9gimen de repitencia en los \u00faltimos a\u00f1os. &#8220;La\u00a0<b>Ciudad de Buenos Aires<\/b>, por ejemplo, aprob\u00f3 en 2022 un nuevo r\u00e9gimen acad\u00e9mico, que ya se encuentra en vigencia, y que tambi\u00e9n\u00a0<b>prev\u00e9 la promoci\u00f3n con cuatro materias pendientes de aprobaci\u00f3n<\/b>, la unidad pedag\u00f3gica del primer y segundo a\u00f1o, y diversas estrategias para acompa\u00f1ar las trayectorias educativas y garantizar los aprendizajes esperados&#8221;, remarca\u00a0Briscioli.<\/p>\n<p>&#8220;El r\u00e9gimen aprobado ahora tambi\u00e9n recupera la\u00a0<b>experiencia\u00a0<\/b>de las escuelas que a partir de la pandemia por<b>\u00a0covid 19<\/b>\u00a0se vieron en la necesidad de realizar\u00a0<b>modificaciones para adaptarse<\/b>\u00a0a la nueva realidad&#8221;, agrega, por su parte,\u00a0Zysman, hoy coordinador del \u00c1rea Interdisciplinaria de Formaci\u00f3n Docente de la FFyL. &#8220;Busca acompa\u00f1ar las trayectorias de las y los estudiantes, otorgando centralidad a la ense\u00f1anza, y fundamentalmente al\u00a0<b>promover mayor tiempo para el aprendizaje<\/b>. De esta manera se conjuga un calendario de al menos 190 d\u00edas de clase con la necesidad de\u00a0<b>fortalecer las horas de clase todos los d\u00edas<\/b>&#8220;, concluye.<\/p>\n","protected":false},"excerpt":{"rendered":"<p>&#8220;Desde hace d\u00e9cadas est\u00e1 m\u00e1s que\u00a0cuestionado\u00a0el sentido pedag\u00f3gico de la repitencia y las estad\u00edsticas muestran que\u00a0repetir un a\u00f1o es el primer escal\u00f3n hacia el abandono&#8220;, sostuvieron en di\u00e1logo con\u00a0P\u00e1gina 12\u00a0especialistas en educaci\u00f3n, tras el anuncio del\u00a0gobierno bonaerense\u00a0sobre la\u00a0reforma que implementar\u00e1 en el r\u00e9gimen de acreditaci\u00f3n\u00a0en las escuelas secundarias a partir de 2025. Destacan la eliminaci\u00f3n [&hellip;]<\/p>\n","protected":false},"author":2,"featured_media":24677,"comment_status":"open","ping_status":"open","sticky":false,"template":"","format":"standard","meta":{"footnotes":""},"categories":[64],"tags":[],"class_list":["post-24676","post","type-post","status-publish","format-standard","has-post-thumbnail","hentry","category-nacionales"],"_links":{"self":[{"href":"https:\/\/radiosurfm.com\/web\/wp-json\/wp\/v2\/posts\/24676","targetHints":{"allow":["GET"]}}],"collection":[{"href":"https:\/\/radiosurfm.com\/web\/wp-json\/wp\/v2\/posts"}],"about":[{"href":"https:\/\/radiosurfm.com\/web\/wp-json\/wp\/v2\/types\/post"}],"author":[{"embeddable":true,"href":"https:\/\/radiosurfm.com\/web\/wp-json\/wp\/v2\/users\/2"}],"replies":[{"embeddable":true,"href":"https:\/\/radiosurfm.com\/web\/wp-json\/wp\/v2\/comments?post=24676"}],"version-history":[{"count":0,"href":"https:\/\/radiosurfm.com\/web\/wp-json\/wp\/v2\/posts\/24676\/revisions"}],"wp:featuredmedia":[{"embeddable":true,"href":"https:\/\/radiosurfm.com\/web\/wp-json\/wp\/v2\/media\/24677"}],"wp:attachment":[{"href":"https:\/\/radiosurfm.com\/web\/wp-json\/wp\/v2\/media?parent=24676"}],"wp:term":[{"taxonomy":"category","embeddable":true,"href":"https:\/\/radiosurfm.com\/web\/wp-json\/wp\/v2\/categories?post=24676"},{"taxonomy":"post_tag","embeddable":true,"href":"https:\/\/radiosurfm.com\/web\/wp-json\/wp\/v2\/tags?post=24676"}],"curies":[{"name":"wp","href":"https:\/\/api.w.org\/{rel}","templated":true}]}}