{"id":24710,"date":"2024-06-11T18:19:22","date_gmt":"2024-06-11T21:19:22","guid":{"rendered":"https:\/\/radiosurfm.com\/web\/?p=24710"},"modified":"2024-06-11T18:19:22","modified_gmt":"2024-06-11T21:19:22","slug":"el-goyano-emanuel-dening-jugara-en-patronato-de-parana","status":"publish","type":"post","link":"https:\/\/radiosurfm.com\/web\/2024\/06\/11\/el-goyano-emanuel-dening-jugara-en-patronato-de-parana\/","title":{"rendered":"El goyano Emanuel Dening jugar\u00e1 en Patronato de Paran\u00e1"},"content":{"rendered":"<p>Patronato confirm\u00f3 este lunes la incorporaci\u00f3n del futbolista goyano Emanuel Dening. El delantero formado en las inferiores de Hurac\u00e1n de nuestra ciudad, es el primer refuerzo del &#8220;Patr\u00f3n&#8221; para la segunda mitad de la temporada que hoy lo tiene \u00faltimo de la Zona A en la Primera Nacional, en zona de descenso directo al Torneo Federal A.<\/p>\n<p>Dening, cuyo \u00faltimo paso por el f\u00fatbol argentino fue en San Mart\u00edn de Tucum\u00e1n, viene de jugar en Turqu\u00eda, m\u00e1s precisamente para el Sanliurfaspor. En el f\u00fatbol mayor, inici\u00f3 su carrera en Newell&#8217;s Old Boys de Rosario, pero luego pas\u00f3 por Guillermo Brown de Puerto Madryn, Hurac\u00e1n de Goya, Boca Unidos de Corrientes, San Mart\u00edn de San Juan, Malatyaspor de Turqu\u00eda, Cerro Porte\u00f1o de Paraguay, Tigre, Paralimniou de Grecia y Agropecuario de Carlos Casares.<\/p>\n<p>Manolo, como es conocido por aqu\u00ed, tiene 35 a\u00f1os (naci\u00f3 el 14\/12\/1988), es oriundo de Goya, Corrientes, y mide 1,73 metros. En la \u00faltima temporada, complet\u00f3 17 partidos, anot\u00f3 tres goles y dio cinco asistencias. En la Primera Nacional jug\u00f3 113 encuentros y convirti\u00f3 40 tantos. En total, disput\u00f3 271 cotejos y grit\u00f3 67 conquistas.<\/p>\n","protected":false},"excerpt":{"rendered":"<p>Patronato confirm\u00f3 este lunes la incorporaci\u00f3n del futbolista goyano Emanuel Dening. El delantero formado en las inferiores de Hurac\u00e1n de nuestra ciudad, es el primer refuerzo del &#8220;Patr\u00f3n&#8221; para la segunda mitad de la temporada que hoy lo tiene \u00faltimo de la Zona A en la Primera Nacional, en zona de descenso directo al Torneo [&hellip;]<\/p>\n","protected":false},"author":2,"featured_media":24712,"comment_status":"open","ping_status":"open","sticky":false,"template":"","format":"standard","meta":{"footnotes":""},"categories":[83,56],"tags":[],"class_list":["post-24710","post","type-post","status-publish","format-standard","has-post-thumbnail","hentry","category-deporte","category-locales"],"_links":{"self":[{"href":"https:\/\/radiosurfm.com\/web\/wp-json\/wp\/v2\/posts\/24710","targetHints":{"allow":["GET"]}}],"collection":[{"href":"https:\/\/radiosurfm.com\/web\/wp-json\/wp\/v2\/posts"}],"about":[{"href":"https:\/\/radiosurfm.com\/web\/wp-json\/wp\/v2\/types\/post"}],"author":[{"embeddable":true,"href":"https:\/\/radiosurfm.com\/web\/wp-json\/wp\/v2\/users\/2"}],"replies":[{"embeddable":true,"href":"https:\/\/radiosurfm.com\/web\/wp-json\/wp\/v2\/comments?post=24710"}],"version-history":[{"count":0,"href":"https:\/\/radiosurfm.com\/web\/wp-json\/wp\/v2\/posts\/24710\/revisions"}],"wp:featuredmedia":[{"embeddable":true,"href":"https:\/\/radiosurfm.com\/web\/wp-json\/wp\/v2\/media\/24712"}],"wp:attachment":[{"href":"https:\/\/radiosurfm.com\/web\/wp-json\/wp\/v2\/media?parent=24710"}],"wp:term":[{"taxonomy":"category","embeddable":true,"href":"https:\/\/radiosurfm.com\/web\/wp-json\/wp\/v2\/categories?post=24710"},{"taxonomy":"post_tag","embeddable":true,"href":"https:\/\/radiosurfm.com\/web\/wp-json\/wp\/v2\/tags?post=24710"}],"curies":[{"name":"wp","href":"https:\/\/api.w.org\/{rel}","templated":true}]}}