{"id":24761,"date":"2024-06-12T15:31:20","date_gmt":"2024-06-12T18:31:20","guid":{"rendered":"https:\/\/radiosurfm.com\/web\/?p=24761"},"modified":"2024-06-12T15:31:20","modified_gmt":"2024-06-12T18:31:20","slug":"martin-lousteau-votara-en-contra-de-la-ley-bases","status":"publish","type":"post","link":"https:\/\/radiosurfm.com\/web\/2024\/06\/12\/martin-lousteau-votara-en-contra-de-la-ley-bases\/","title":{"rendered":"Mart\u00edn Lousteau votar\u00e1 en contra de la Ley Bases"},"content":{"rendered":"<p>El senador nacional\u00a0<b>Mart\u00edn Lousteau<\/b>, presidente de la Uni\u00f3n C\u00edvica Radical (UCR), inform\u00f3 este mi\u00e9rcoles durante el\u00a0<b>tratamiento de la Ley Bases\u00a0<\/b>que rechazar\u00e1 la iniciativa del oficialismo porque tiene &#8220;muchas cosas por corregir y cambiar&#8221;, diferenci\u00e1ndose as\u00ed del resto de sus compa\u00f1eros de bloque que votar\u00e1n a favor del proyecto.<\/p>\n<p><b>&#8220;Yo voy a votar en contra de la Ley Bases como est\u00e1<\/b>. Creo que hay muchas cosas por corregir y cambiar de esta ley y precisamente por eso presentamos un dictamen alternativo. Porque es verdad, todos\u00a0<b>queremos un Estado m\u00e1s eficaz, un Estado m\u00e1s chico, pero queremos que sea m\u00e1s sensible y m\u00e1s justo&#8221;<\/b>, se\u00f1al\u00f3 el senador de CABA.<\/p>\n<div id=\"talkFireEvent\"><\/div>\n<p>Gestionar mejor, agreg\u00f3 el legislador radical al anticipar su decisi\u00f3n, no es apagar el Estado. &#8220;Todos coincidimos que Argentina necesita desburocratizar su Estado, pero eso no es romperlo todo, eso no es dejar de gestionar el Estado&#8221;, remarc\u00f3.<\/p>\n<p>Y sigui\u00f3: &#8220;<b>Necesitamos liberalismo, menos trabas burocr\u00e1ticas para poder producir, pero necesitamos un Estado que tambi\u00e9n brinde salud, seguridad, jubilaciones, justicia, educaci\u00f3n, infraestructura de calidad.\u00a0<\/b>Necesitamos las dos cosas, no una sola. Y esto ya lo aprendieron casi todos los pa\u00edses del mundo&#8221;.<\/p>\n<p>El problema de fondo del Estado argentino, sostuvo el referente de la UCR, es su capacidad: &#8220;Pasamos de un modelo de Estado elefanti\u00e1sico a un modelo de Estado \u00ednfimo y odiado desde adentro que se quiere destruir. Lo que necesitamos es eliminar todas las deformidades que con el tiempo fue acumulando el Estado argentino y necesitamos hacerlo para eso m\u00e1s inteligente y sobre todo m\u00e1s justo&#8221;.<\/p>\n<div class=\"slot-available\"><\/div>\n<p>El camino, insisti\u00f3, no es la destrucci\u00f3n total. &#8220;<b>\u00bfQueremos equilibrio fiscal? S\u00ed, pero no queremos que lo paguen los jubilados. \u00bfQueremos reforma del Estado? S\u00ed, pero no eliminando la salud y la educaci\u00f3n p\u00fablica<\/b>\u00a0\u00bfQueremos m\u00e1s y mejores auditor\u00edas para saber d\u00f3nde se gasta y c\u00f3mo? S\u00ed, pero no dejando de cuidar a quienes tienen que comer. \u00bfQueremos abrir las puertas a las grandes inversiones? S\u00ed, pero no a costa de regalar el pa\u00eds&#8221;, agreg\u00f3.<\/p>\n<p>En ese sentido, record\u00f3 las declaraciones recientes del presidente Javier Milei, quien\u00a0asegur\u00f3 ser &#8220;un topo dentro del Estado&#8221; y reconoci\u00f3 que su intenci\u00f3n es destruirlo desde adentro.<b>\u00a0&#8220;\u00bfEn serio le vamos a dar facultades delegadas?&#8221;<\/b>, se pregunt\u00f3 sorprendido el senador.<\/p>\n<p>&#8220;<b>Yo no le dar\u00eda poder a un director de escuela que dijera &#8216;vengo a destruir la educaci\u00f3n p\u00fablica. No le dar\u00eda poder o facultades delegadas a un director de hospital que dijera &#8216;vengo a destruir la salud p\u00fablica'&#8221;, asegur\u00f3.\u00a0<\/b>&#8220;Todas esas cosas que dice el Presidente son un principio de revelaci\u00f3n de lo que piensa el Gobierno sobre el Estado y lo que planea hacer el Gobierno con respecto al Estado con la salud, la educaci\u00f3n, la ciencia, el reparto de alimentos, si le damos emergencias y facultades delegadas&#8221;, advirti\u00f3 al resto de los senadores y senadoras presentes en el recinto.<\/p>\n","protected":false},"excerpt":{"rendered":"<p>El senador nacional\u00a0Mart\u00edn Lousteau, presidente de la Uni\u00f3n C\u00edvica Radical (UCR), inform\u00f3 este mi\u00e9rcoles durante el\u00a0tratamiento de la Ley Bases\u00a0que rechazar\u00e1 la iniciativa del oficialismo porque tiene &#8220;muchas cosas por corregir y cambiar&#8221;, diferenci\u00e1ndose as\u00ed del resto de sus compa\u00f1eros de bloque que votar\u00e1n a favor del proyecto. &#8220;Yo voy a votar en contra de [&hellip;]<\/p>\n","protected":false},"author":2,"featured_media":24762,"comment_status":"open","ping_status":"open","sticky":false,"template":"","format":"standard","meta":{"footnotes":""},"categories":[64,66],"tags":[],"class_list":["post-24761","post","type-post","status-publish","format-standard","has-post-thumbnail","hentry","category-nacionales","category-politica-nacionales"],"_links":{"self":[{"href":"https:\/\/radiosurfm.com\/web\/wp-json\/wp\/v2\/posts\/24761","targetHints":{"allow":["GET"]}}],"collection":[{"href":"https:\/\/radiosurfm.com\/web\/wp-json\/wp\/v2\/posts"}],"about":[{"href":"https:\/\/radiosurfm.com\/web\/wp-json\/wp\/v2\/types\/post"}],"author":[{"embeddable":true,"href":"https:\/\/radiosurfm.com\/web\/wp-json\/wp\/v2\/users\/2"}],"replies":[{"embeddable":true,"href":"https:\/\/radiosurfm.com\/web\/wp-json\/wp\/v2\/comments?post=24761"}],"version-history":[{"count":0,"href":"https:\/\/radiosurfm.com\/web\/wp-json\/wp\/v2\/posts\/24761\/revisions"}],"wp:featuredmedia":[{"embeddable":true,"href":"https:\/\/radiosurfm.com\/web\/wp-json\/wp\/v2\/media\/24762"}],"wp:attachment":[{"href":"https:\/\/radiosurfm.com\/web\/wp-json\/wp\/v2\/media?parent=24761"}],"wp:term":[{"taxonomy":"category","embeddable":true,"href":"https:\/\/radiosurfm.com\/web\/wp-json\/wp\/v2\/categories?post=24761"},{"taxonomy":"post_tag","embeddable":true,"href":"https:\/\/radiosurfm.com\/web\/wp-json\/wp\/v2\/tags?post=24761"}],"curies":[{"name":"wp","href":"https:\/\/api.w.org\/{rel}","templated":true}]}}