{"id":24764,"date":"2024-06-12T15:33:06","date_gmt":"2024-06-12T18:33:06","guid":{"rendered":"https:\/\/radiosurfm.com\/web\/?p=24764"},"modified":"2024-06-12T15:33:06","modified_gmt":"2024-06-12T18:33:06","slug":"llenamos-la-plaza-para-que-los-senadores-escuchen-y-no-voten-esta-ley","status":"publish","type":"post","link":"https:\/\/radiosurfm.com\/web\/2024\/06\/12\/llenamos-la-plaza-para-que-los-senadores-escuchen-y-no-voten-esta-ley\/","title":{"rendered":"&#8220;Llenamos la plaza para que los senadores escuchen y no voten esta ley&#8221;"},"content":{"rendered":"<p>\u201cEstamos llenando la calle para que los senadores nos escuchen y no voten la Ley Bases\u201d, dice Josefina Centuri\u00f3n. Lleva un cartel ilustrado con una foto de Milei, al que le han puesto una corona y una advertencia \u201cesta ley otorga facultades ilimitadas al Poder Ejecutivo\u201d. Mientras el Senado debate el proyecto del gobierno, una multitudinaria concentraci\u00f3n de gremios, movimientos sociales, partidos de la izquierda y autoconvocados permanece en la plaza del Congreso. A las dos de la tarde, las centrales sindicales intentar\u00e1n hacer un acto. Pero antes, las fuerzas federales all\u00ed apostadas comenzaron a reprimir para alejar las columnas del Congreso.<\/p>\n<p>En la plaza se junt\u00f3 gente desde muy temprano. A las 9 de la ma\u00f1ana ya se ve\u00edan banderas y pancartas cubriendo su primera mitad, llevadas por los gremios, las organizaciones sociales y la izquierda.<\/p>\n<div id=\"talkFireEvent\"><\/div>\n<div id=\"ad-slot-video_inread\" class=\"ad-slot-video_inread ad-slot\" data-adtype=\"video_inread\" data-google-query-id=\"CNPArrXY1oYDFW5K3QId0CcBFQ\">\n<div id=\"google_ads_iframe_\/349353471\/p12\/nota_video_inread_0__container__\"><iframe id=\"google_ads_iframe_\/349353471\/p12\/nota_video_inread_0\" tabindex=\"0\" title=\"3rd party ad content\" name=\"google_ads_iframe_\/349353471\/p12\/nota_video_inread_0\" width=\"1\" height=\"1\" frameborder=\"0\" marginwidth=\"0\" marginheight=\"0\" scrolling=\"no\" aria-label=\"Advertisement\" data-load-complete=\"true\" data-google-container-id=\"3\" data-mce-fragment=\"1\"><\/iframe><\/div>\n<\/div>\n<div class=\"slot-available\"><\/div>\n<p>\u201cVine porque soy una trabajadora que dependo de una planta estatal; soy docente, me movilic\u00e9 con mi sindicato. Espero que la plaza se llene y logremos presionar al Congreso\u201d, dijo In\u00e9s Tropea, con un chaleco de la Uni\u00f3n de Trabajadores de la Educaci\u00f3n. Se sent\u00eda animada porque la Ctera consigui\u00f3 quitar del proyecto la eliminaci\u00f3n del Fondo de Incentivo Docente, pero a la vez insegura. \u201cEstuve viendo que Lousteau habl\u00f3 de incluir cambios y eso me da miedo\u201d, plante\u00f3.<\/p>\n<p>Como ella, muchos otros manifestantes fueron llegando a la plaza con la camiseta puesta. Las remeras negras de los aceiteros, por ejemplo, se distingu\u00edan como un islote sobre el costado izquierdo de la plaza, pegados al tr\u00e1fico de Irigoyen. Daniel Yofra, su titular, cont\u00f3 que llegaron los que pudieron, porque el ministerio de Trabajo les dict\u00f3 la conciliaci\u00f3n obligatoria en el paro que hab\u00edan declarado para la jornada. \u201cLo hicieron para impedir que nos movilicemos\u201d, resumi\u00f3. Yofra estaba molesto no s\u00f3lo con el gobierno: \u201choy somos pocos los que hacemos huelga\u201d, opin\u00f3, y agreg\u00f3 que \u201csi la CGT y las centrales hubieran llamado al paro el panorama ser\u00eda otro\u201d.<\/p>\n<div class=\"slot-available\"><\/div>\n<p>Cuando el n\u00famero de manifestantes fue aumentando hasta cortar las calles del costado de la plaza, a eso de las 10 de la ma\u00f1ana, la polic\u00eda hizo un cord\u00f3n para mantener abierta la circulaci\u00f3n de los colectivos sobre las avenidas Entre R\u00edos y Callao.<\/p>\n<p>En la columna de la Uni\u00f3n de Trabajadores de la Econom\u00eda Popular (Utep) Josu\u00e9 y Alejandro, del Movimiento Los Pibes, sumaban una movilizaci\u00f3n m\u00e1s a su biograf\u00edas, aunque sin hacerse expectativas con los resultados. \u201cEstos son los representantes de un sistema de descarte\u201d, opin\u00f3 Josu\u00e9 se\u00f1alando en direcci\u00f3n al Congreso. Y Alejandro mene\u00f3 la cabeza ante la pregunta de si los senadores iban a escuchar lo que se estaba pidiendo en la plaza. \u201cEsta gente ya no escucha nada, est\u00e1n en otro planeta\u201d, respondi\u00f3. \u201cPara este gobierno la institucionalidad es un juego, una cosa que hace para entretenernos un rato, pero al partido no lo juega ac\u00e1\u201d.<\/p>\n<div class=\"slot-available\"><\/div>\n<p>Cerca de las 11 al operativo policial se agreg\u00f3 la gendarmer\u00eda, en medio de silbatinas. No paraban de llegar nuevos grupos de gremios (la rama recolectores de camioneros, aeron\u00e1uticos, Canillitas, el Sipreba, taxistas, la Conadu) y el clima de la protesta era n\u00edtidamente desafiante. La que se acercaba a la plaza del Congreso era gente caliente. Si llegaba suelta, sin ser parte de una organizaci\u00f3n, menos dispuesta parec\u00eda a aceptar ponerse detr\u00e1s del vallado para mantener abierto el tr\u00e1nsito.<\/p>\n<p>Por ejemplo, muchas personas se cruzaban a la vereda misma del edificio del Congreso para protestar all\u00ed y no de lejos. Sergio Amaya, integrante de un club de barrio en el municipio de Moreno, hizo ondear junto a las escalinatas de la entrada con una enorme bandera argentina. \u201cSoy un militante de base y hoy me toca estar ac\u00e1, contra esta ley hecha para regalarle con el RIGI los bienes nacionales a las empresas extranjeras\u201d, dijo. Los autos que pasaban lo saludaron con bocinazos. Mientras daba esta declaraci\u00f3n, un grupo se acerc\u00f3 y le pidi\u00f3 la bandera para tambi\u00e9n hacerla ondear y tomarse fotos. Ven\u00edan desde La Plata. \u201cTenemos 15 comedores que hoy sobreviven porque el gobernador Kicillof nos sigue mandando comida\u201d, cont\u00f3 Jos\u00e9 Soria. Atr\u00e1s se habr\u00eda formado una peque\u00f1a barra que se puso a cantar \u201cno se vende, el pueblo no se vende\u201d; eran municipales de San Mart\u00edn. Ese era el \u00e1nimo de la calle al mediod\u00eda: los gremios en la plaza, encolumnados; los sueltos, dando se\u00f1ales de que se sent\u00edan hartos, desbordando en la medida que pod\u00edan el vallado policial para agitar una bandera en la vereda del Congreso.<\/p>\n<div class=\"slot-available\"><\/div>\n<h2><b>Los gases<\/b><\/h2>\n<p>Mientras en el recinto continuaban los discursos de senadores, en la calle los efectivos de Prefectura comenzaban a acercarse a los manifestantes que estaban ubicados en Rivadavia y Callao. Entre las columnas estaba un grupo importante de diputados de Uni\u00f3n por la Patria que comenzaba a acercarse a la plaza. En ese momento, los prefectos comenzaron a lanzar gas pimienta en la cara de la gente, incluso a los legisladores.<\/p>\n<p>Con el gas lanzado la doble fila de prefectos avanz\u00f3 sobre diputados y manifestantes. Sin duda lo que pretenden las fuerzas de seguridad que dirige la ministra Patricia Bullrich, es impedir que la concentraci\u00f3n crezca en cantidad de gente y, sobre todo, no se realice el acto que estaba previsto para las 14.<\/p>\n<div class=\"slot-available\"><\/div>\n<p>En las veredas quedaron los afectados por el gas y muchos eran atendidos por voluntarios de la Cruz Roja. El diputado de UxP, Carlos Castagneto, fue uno de los m\u00e1s afectados y debi\u00f3 ser trasladado a la enfermer\u00eda de la C\u00e1mara de Diputados. Luego, junto a otro cuatro legisladores, Castagneto fue derivado al hospital Santa Luc\u00eda.<\/p>\n<p>&#8220;Parece que quieren declararle la guerra al pueblo argentino&#8221;, afirm\u00f3 la diputada Cecilia Moreau.<\/p>\n","protected":false},"excerpt":{"rendered":"<p>\u201cEstamos llenando la calle para que los senadores nos escuchen y no voten la Ley Bases\u201d, dice Josefina Centuri\u00f3n. Lleva un cartel ilustrado con una foto de Milei, al que le han puesto una corona y una advertencia \u201cesta ley otorga facultades ilimitadas al Poder Ejecutivo\u201d. Mientras el Senado debate el proyecto del gobierno, una [&hellip;]<\/p>\n","protected":false},"author":2,"featured_media":24765,"comment_status":"open","ping_status":"open","sticky":false,"template":"","format":"standard","meta":{"footnotes":""},"categories":[64],"tags":[],"class_list":["post-24764","post","type-post","status-publish","format-standard","has-post-thumbnail","hentry","category-nacionales"],"_links":{"self":[{"href":"https:\/\/radiosurfm.com\/web\/wp-json\/wp\/v2\/posts\/24764","targetHints":{"allow":["GET"]}}],"collection":[{"href":"https:\/\/radiosurfm.com\/web\/wp-json\/wp\/v2\/posts"}],"about":[{"href":"https:\/\/radiosurfm.com\/web\/wp-json\/wp\/v2\/types\/post"}],"author":[{"embeddable":true,"href":"https:\/\/radiosurfm.com\/web\/wp-json\/wp\/v2\/users\/2"}],"replies":[{"embeddable":true,"href":"https:\/\/radiosurfm.com\/web\/wp-json\/wp\/v2\/comments?post=24764"}],"version-history":[{"count":0,"href":"https:\/\/radiosurfm.com\/web\/wp-json\/wp\/v2\/posts\/24764\/revisions"}],"wp:featuredmedia":[{"embeddable":true,"href":"https:\/\/radiosurfm.com\/web\/wp-json\/wp\/v2\/media\/24765"}],"wp:attachment":[{"href":"https:\/\/radiosurfm.com\/web\/wp-json\/wp\/v2\/media?parent=24764"}],"wp:term":[{"taxonomy":"category","embeddable":true,"href":"https:\/\/radiosurfm.com\/web\/wp-json\/wp\/v2\/categories?post=24764"},{"taxonomy":"post_tag","embeddable":true,"href":"https:\/\/radiosurfm.com\/web\/wp-json\/wp\/v2\/tags?post=24764"}],"curies":[{"name":"wp","href":"https:\/\/api.w.org\/{rel}","templated":true}]}}