{"id":24773,"date":"2024-06-13T11:54:01","date_gmt":"2024-06-13T14:54:01","guid":{"rendered":"https:\/\/radiosurfm.com\/web\/?p=24773"},"modified":"2024-06-13T11:54:01","modified_gmt":"2024-06-13T14:54:01","slug":"el-pj-correntino-saco-tarjeta-roja-a-camau","status":"publish","type":"post","link":"https:\/\/radiosurfm.com\/web\/2024\/06\/13\/el-pj-correntino-saco-tarjeta-roja-a-camau\/","title":{"rendered":"El PJ correntino sac\u00f3 \u00abtarjeta roja\u00bb a Camau"},"content":{"rendered":"<p>Los interventores del Partido Justicialista (PJ) de Corrientes, Teresa Garc\u00eda y M\u00e1ximo Rodr\u00edguez anunciaron ayer en un plenario de la militancia peronista que, en caso que el senador nacional Carlos \u00abCamau\u00bb Esp\u00ednola vote a favor de la Ley de Bases pedir\u00e1n la desafiliaci\u00f3n partidaria del legislador.<\/p>\n<p>\u00abLe pedimos al senador (Carlos) Esp\u00ednola que vote en contra y en beneficio de los correntinos, y si as\u00ed fuera, porque no lo modifica (su postura); como el que avisa no traiciona, quiero decirles que esta Intervenci\u00f3n le va a pedir la desafiliaci\u00f3n del partido\u00bb, dijo Garc\u00eda en un plenario de la militancia justicialista que se realiz\u00f3 ayer mi\u00e9rcoles 12 en la sede del PJ.<\/p>\n<p>\u00abEl fue electo en nombre del peronismo, y votar a favor de un Gobierno que hambrea a nuestra gente, no es ni \u00e9ticamente correcto, ni pol\u00edticamente correcto y punto; eso no es de peronista\u00bb, agreg\u00f3 Garc\u00eda ante el aplauso de los militantes que concurrieron a la sede del partido.<\/p>\n<p>\u00abEsta es una decisi\u00f3n que le quer\u00edamos transmitir, no para que haya fricci\u00f3n, porque por ah\u00ed hasta las 20.30 el senador \u2018Camau\u2019 Esp\u00ednola reflexiona, modifica su voto y est\u00e1 todo bien\u00bb, dijo Garc\u00eda.<\/p>\n<p>Cabe recordar que, el justicialismo correntino tendr\u00e1 sus elecciones internas que a\u00fan no tienen fecha definida, aunque la propuesta latente es la del 17 de noviembre. Esto depende de que se concrete, primero, la reforma de la Carta Org\u00e1nica partidaria no se podr\u00e1 formalizar la convocatoria. Sin embargo, el ex diputado nacional, Rodolfo Mart\u00ednez Llano plante\u00f3 la inconveniencia de que coincida con la elecci\u00f3n interna nacional, entre otros aspectos vinculados a las reglas de juego puertas adentro del partido de Per\u00f3n.<\/p>\n<p>\u00abEl primer paso para la normalizaci\u00f3n es la afiliaci\u00f3n masiva y la actualizaci\u00f3n del padr\u00f3n para, dentro de los t\u00e9rminos legales, establecer la reforma de la carta org\u00e1nica y el cronograma electoral en el que se garantizar\u00e1 la participaci\u00f3n de todos los peronistas que quieran trabajar para las pr\u00f3ximas elecciones de 2025\u00bb, dijo Mart\u00ednez Llano.<\/p>\n<p>Luego, el ex legislador nacional, propuso: \u00abPor lo menos el candidato a Gobernador deber\u00eda surgir del Congreso del partido, porque tenemos que elegir al candidato en el momento oportuno, escuchando a la gente de los distintos departamentos que tengan el peso de los votos y ver quien es el candidato que tiene la mejores condiciones objetivas para llevarnos al triunfo; nosotros no podemos equivocarnos en eso.<\/p>\n<p>\u00abHay que eliminar los superpoderes que han distorsionado tanto y que los congresales sean realmente los due\u00f1os de la voluntad legitimada\u00bb, cerr\u00f3<\/p>\n<p>Recientemente, Rodr\u00edguez uno de los interventores del PJ dijo: \u00abLos compa\u00f1eros correntinos que afilien la mayor cantidad de ciudadanos que quieran participar o que se les haya ca\u00eddo la afiliaci\u00f3n\u00bb.<\/p>\n<p>Adem\u00e1s, en la ocasi\u00f3n indic\u00f3 que el cierre de padr\u00f3n se har\u00e1 entre fines de junio y comienzo de julio.<\/p>\n<p>Es por este motivo que las reuniones puertas adentro del PJ local son imprescindibles.<\/p>\n<p>Repaso<\/p>\n<p>El partido tiene pendiente su normalizaci\u00f3n desde hace al menos 5 a\u00f1os. Entre finales de 2019 y principios de 2023, se especulaba que ese proceso llegar\u00eda en marzo del a\u00f1o pasado, sin embargo, el calendario de un a\u00f1o sumamente electoral, como el de 2023, corri\u00f3 las fechas y el PJ continu\u00f3 intervenido. A esto, se sum\u00f3 la contundente derrota del kirchnerismo a nivel nacional, que cay\u00f3 electoralmente por La Libertad Avanza, con Javier Milei a la cabeza.<\/p>\n<p>Ahora, tras empezar a superar ese golpe, el peronismo correntino busca su ordenamiento, ya que se avecina otro a\u00f1o electoral clave: las elecciones a gobernador en Corrientes. En este sentido, desde hace casi 20 a\u00f1os, el peronismo siempre se present\u00f3 en cada elecci\u00f3n con un candidato propio y como cabeza de la alianza, es decir, siempre llev\u00f3 un postulante justicialista a las urnas.<\/p>\n","protected":false},"excerpt":{"rendered":"<p>Los interventores del Partido Justicialista (PJ) de Corrientes, Teresa Garc\u00eda y M\u00e1ximo Rodr\u00edguez anunciaron ayer en un plenario de la militancia peronista que, en caso que el senador nacional Carlos \u00abCamau\u00bb Esp\u00ednola vote a favor de la Ley de Bases pedir\u00e1n la desafiliaci\u00f3n partidaria del legislador. \u00abLe pedimos al senador (Carlos) Esp\u00ednola que vote en [&hellip;]<\/p>\n","protected":false},"author":2,"featured_media":24774,"comment_status":"open","ping_status":"open","sticky":false,"template":"","format":"standard","meta":{"footnotes":""},"categories":[66,72],"tags":[],"class_list":["post-24773","post","type-post","status-publish","format-standard","has-post-thumbnail","hentry","category-politica-nacionales","category-provinciales"],"_links":{"self":[{"href":"https:\/\/radiosurfm.com\/web\/wp-json\/wp\/v2\/posts\/24773","targetHints":{"allow":["GET"]}}],"collection":[{"href":"https:\/\/radiosurfm.com\/web\/wp-json\/wp\/v2\/posts"}],"about":[{"href":"https:\/\/radiosurfm.com\/web\/wp-json\/wp\/v2\/types\/post"}],"author":[{"embeddable":true,"href":"https:\/\/radiosurfm.com\/web\/wp-json\/wp\/v2\/users\/2"}],"replies":[{"embeddable":true,"href":"https:\/\/radiosurfm.com\/web\/wp-json\/wp\/v2\/comments?post=24773"}],"version-history":[{"count":0,"href":"https:\/\/radiosurfm.com\/web\/wp-json\/wp\/v2\/posts\/24773\/revisions"}],"wp:featuredmedia":[{"embeddable":true,"href":"https:\/\/radiosurfm.com\/web\/wp-json\/wp\/v2\/media\/24774"}],"wp:attachment":[{"href":"https:\/\/radiosurfm.com\/web\/wp-json\/wp\/v2\/media?parent=24773"}],"wp:term":[{"taxonomy":"category","embeddable":true,"href":"https:\/\/radiosurfm.com\/web\/wp-json\/wp\/v2\/categories?post=24773"},{"taxonomy":"post_tag","embeddable":true,"href":"https:\/\/radiosurfm.com\/web\/wp-json\/wp\/v2\/tags?post=24773"}],"curies":[{"name":"wp","href":"https:\/\/api.w.org\/{rel}","templated":true}]}}