{"id":24804,"date":"2024-06-13T12:29:24","date_gmt":"2024-06-13T15:29:24","guid":{"rendered":"https:\/\/radiosurfm.com\/web\/?p=24804"},"modified":"2024-06-13T12:29:24","modified_gmt":"2024-06-13T15:29:24","slug":"ley-bases-asi-reflejaron-los-medios-internacionales-la-votacion-y-las-protestas-frente-al-congreso","status":"publish","type":"post","link":"https:\/\/radiosurfm.com\/web\/2024\/06\/13\/ley-bases-asi-reflejaron-los-medios-internacionales-la-votacion-y-las-protestas-frente-al-congreso\/","title":{"rendered":"Ley Bases: as\u00ed reflejaron los medios internacionales la votaci\u00f3n y las protestas frente al Congreso"},"content":{"rendered":"<p>El mundo contempla con atenci\u00f3n el avance del\u00a0<b>experimento argentino de desguace del Estado y ajuste econ\u00f3mico del presidente Javier Milei<\/b>. La\u00a0aprobaci\u00f3n de la cuestionada Ley Bases\u00a0del oficialismo en el Senado, mientras\u00a0en las inmediaciones del Congreso las fuerzas de seguridad reprim\u00edan\u00a0a los manifestantes,\u00a0fue reflejada por diversos medios internacionales.<\/p>\n<p>A pocas semanas del esc\u00e1ndalo que desat\u00f3 el mandatario argentino en\u00a0<b>Espa\u00f1a<\/b>\u00a0tras criticar al presidente Pedro S\u00e1nchez y a su esposa Bego\u00f1a G\u00f3mez, el diario\u00a0<b>El Pa\u00eds<\/b>\u00a0realiz\u00f3 la cobertura period\u00edstica de la re\u00f1ida votaci\u00f3n y el desempate (36 a 36) a cargo de la vicepresidenta Victoria Villarruel.<\/p>\n<div class=\"slot-available\"><\/div>\n<p>En el interior de la nota, el medio espa\u00f1ol precisa que &#8220;la norma avanza sobre los organismos reguladores, habilita privatizaciones y promueve beneficios fiscales a los grandes inversores&#8221;, al tiempo que destaca c\u00f3mo el gobierno de La Libertad Avanza\u00a0<b>cedi\u00f3\u00a0<\/b>&#8220;<b>en cientos de art\u00edculos para conseguir el apoyo opositor<\/b>&#8220;.<\/p>\n<div id=\"ad-slot-video_inread\" class=\"ad-slot-video_inread ad-slot\" data-adtype=\"video_inread\" data-google-query-id=\"COqVoKPx2IYDFdBK3QId66oJLA\">\n<div id=\"google_ads_iframe_\/349353471\/p12\/nota_video_inread_0__container__\"><iframe id=\"google_ads_iframe_\/349353471\/p12\/nota_video_inread_0\" tabindex=\"0\" title=\"3rd party ad content\" name=\"google_ads_iframe_\/349353471\/p12\/nota_video_inread_0\" width=\"1\" height=\"1\" frameborder=\"0\" marginwidth=\"0\" marginheight=\"0\" scrolling=\"no\" aria-label=\"Advertisement\" data-load-complete=\"true\" data-google-container-id=\"3\" data-mce-fragment=\"1\"><\/iframe><\/div>\n<\/div>\n<p>Asimismo,\u00a0concluye que se trat\u00f3 del &#8220;cierre de una jornada\u00a0<b>marcada por las protestas sociales contra la ley y por la represi\u00f3n policial ordenada por la administraci\u00f3n ultraderechista<\/b>\u00a0<b>en los alrededores del Congreso<\/b>, con heridos y detenidos, gases, balas de goma y autos incendiados&#8221;.<\/p>\n<p>&#8220;<b>Protestas violentas mientras los senadores respaldan las medidas de austeridad del presidente Milei<\/b>&#8220;, fue la forma en la que el diario\u00a0<b>The Guardian<\/b>\u00a0retrat\u00f3 la jornada de este mi\u00e9rcoles en la Ciudad de Buenos Aires.<\/p>\n<p>El medio brit\u00e1nico se centr\u00f3 en las protestas en las inmediaciones del Congreso, recopilando testimonios de manifestantes en contra de la Ley, y se\u00f1alando que hubo numerosos heridos por la avanzada policial con gases lacrim\u00f3genos, camiones hidrantes y represi\u00f3n f\u00edsica.<\/p>\n<p>El diario chileno\u00a0<b>La Tercera<\/b>\u00a0indic\u00f3 que Milei obtuvo la sanci\u00f3n de su &#8220;ley estrella&#8221; en medio de &#8220;violentas protestas sociales&#8221;, remarcando m\u00e1s adelante que el mandatario argentino qued\u00f3 &#8220;un paso m\u00e1s cerca de conseguir su primera ley&#8221; en seis meses de gobierno.<\/p>\n<p>&#8220;El texto, de m\u00e1s de 200 art\u00edculos, es una versi\u00f3n reducida de la Ley \u00d3mnibus, y volver\u00e1 al Parlamento para que reciba el visto bueno definitivo. Esta legislaci\u00f3n incluye una controvertida reforma laboral y la privatizaci\u00f3n de ciertas empresas p\u00fablicas, lo que ha generado gran pol\u00e9mica y rechazo entre los sindicatos&#8221;, aclara el medio de\u00a0<b>Chile<\/b>.<\/p>\n<p>En\u00a0<b>Brasil<\/b>, el diario\u00a0<b>O&#8217;Globo\u00a0<\/b>retrat\u00f3 esta noticia ponderando la violencia que se registr\u00f3 en las calles a ra\u00edz de la represi\u00f3n a los manifestantes en contra de la Ley, que pas\u00f3 por un s\u00f3lo voto.<\/p>\n<p>&#8220;En las calles cercanas (al Congreso) se produjo un enfrentamiento entre la polic\u00eda y los manifestantes.<b>\u00a0Cinco diputados fueron hospitalizados<\/b>,\u00a0<b>y al menos 40 personas necesitaron tratamiento<\/b>. Para el gobierno, la violencia fue un &#8220;intento de golpe de Estado&#8221;&#8221;, sostuvo el medio.<\/p>\n<p>En una nota complementaria, se informa a los lectores brasileros que la normativa &#8220;incluye incentivos a grandes inversiones durante 30 a\u00f1os, una reforma laboral, privatizaciones y\u00a0<b>una pol\u00e9mica delegaci\u00f3n de poderes legislativos al presidente ultraliberal<\/b>&#8220;.<\/p>\n<p>Del otro lado del mundo, en el continente asi\u00e1tico, la agencia de noticias del gobierno de la Rep\u00fablica Popular China,\u00a0<b>Xinhua<\/b>, explic\u00f3 que La Ley Bases, girada una vez m\u00e1s a la C\u00e1mara de Diputados,\u00a0<b>sufri\u00f3 una\u00a0<\/b>&#8220;<b>serie de cambios<\/b>&#8220;<b>\u00a0respecto del texto original<\/b>.<\/p>\n<p>&#8220;Entre las modificaciones m\u00e1s importantes acordadas este d\u00eda figuran, de acuerdo con el legislador oficialista Bartolom\u00e9 Abdala,\u00a0<b>cambios en el R\u00e9gimen de Incentivo a las Grandes Inversiones (RIGI)<\/b>\u00a0<b>y en la lista de empresas estatales sujetas a privatizaci\u00f3n<\/b>, entre ellas la compa\u00f1\u00eda Aerol\u00edneas Argentinas, la Radio y Televisi\u00f3n Argentina, y el Correo Argentino, que fueron retiradas de la n\u00f3mina. Adem\u00e1s,\u00a0<b>se retir\u00f3 el cap\u00edtulo que establec\u00eda cambios en la forma de acceder a la jubilaci\u00f3n para las personas sin los aportes necesarios para acceder a una prestaci\u00f3n<\/b>&#8220;, indica el medio chino.<\/p>\n","protected":false},"excerpt":{"rendered":"<p>El mundo contempla con atenci\u00f3n el avance del\u00a0experimento argentino de desguace del Estado y ajuste econ\u00f3mico del presidente Javier Milei. La\u00a0aprobaci\u00f3n de la cuestionada Ley Bases\u00a0del oficialismo en el Senado, mientras\u00a0en las inmediaciones del Congreso las fuerzas de seguridad reprim\u00edan\u00a0a los manifestantes,\u00a0fue reflejada por diversos medios internacionales. A pocas semanas del esc\u00e1ndalo que desat\u00f3 el [&hellip;]<\/p>\n","protected":false},"author":2,"featured_media":24805,"comment_status":"open","ping_status":"open","sticky":false,"template":"","format":"standard","meta":{"footnotes":""},"categories":[70,64],"tags":[],"class_list":["post-24804","post","type-post","status-publish","format-standard","has-post-thumbnail","hentry","category-mundo","category-nacionales"],"_links":{"self":[{"href":"https:\/\/radiosurfm.com\/web\/wp-json\/wp\/v2\/posts\/24804","targetHints":{"allow":["GET"]}}],"collection":[{"href":"https:\/\/radiosurfm.com\/web\/wp-json\/wp\/v2\/posts"}],"about":[{"href":"https:\/\/radiosurfm.com\/web\/wp-json\/wp\/v2\/types\/post"}],"author":[{"embeddable":true,"href":"https:\/\/radiosurfm.com\/web\/wp-json\/wp\/v2\/users\/2"}],"replies":[{"embeddable":true,"href":"https:\/\/radiosurfm.com\/web\/wp-json\/wp\/v2\/comments?post=24804"}],"version-history":[{"count":0,"href":"https:\/\/radiosurfm.com\/web\/wp-json\/wp\/v2\/posts\/24804\/revisions"}],"wp:featuredmedia":[{"embeddable":true,"href":"https:\/\/radiosurfm.com\/web\/wp-json\/wp\/v2\/media\/24805"}],"wp:attachment":[{"href":"https:\/\/radiosurfm.com\/web\/wp-json\/wp\/v2\/media?parent=24804"}],"wp:term":[{"taxonomy":"category","embeddable":true,"href":"https:\/\/radiosurfm.com\/web\/wp-json\/wp\/v2\/categories?post=24804"},{"taxonomy":"post_tag","embeddable":true,"href":"https:\/\/radiosurfm.com\/web\/wp-json\/wp\/v2\/tags?post=24804"}],"curies":[{"name":"wp","href":"https:\/\/api.w.org\/{rel}","templated":true}]}}